{"id":4220,"date":"2026-04-29T06:24:24","date_gmt":"2026-04-29T09:24:24","guid":{"rendered":"https:\/\/vagas.portalemprego.com.br\/?p=4220"},"modified":"2026-04-29T06:24:24","modified_gmt":"2026-04-29T09:24:24","slug":"lider-de-vendas-e-atendimento-produtos-financeiros-comercial-vendas-angra-dos-reis","status":"publish","type":"post","link":"https:\/\/vagas.portalemprego.com.br\/?p=4220","title":{"rendered":"L\u00edder de Vendas e Atendimento (Produtos Financeiros) &#8211; Comercial, Vendas &#8211; Angra dos Reis"},"content":{"rendered":"<p>Sobre a vaga:<br \/>\nTrabalhamos para voc\u00ea ser mais voc\u00ea em todos os momentos, come\u00e7ando pela sua carreira. Se voc\u00ea se identifica conosco e procura uma empresa, acima de tudo, apaixonada por pessoas, #VemPraC&amp;A! ??<\/p>\n<p>Principais atribui\u00e7\u00f5es:<br \/>\n&#8211; Gest\u00e3o, capacita\u00e7\u00e3o e desenvolvimento da equipe de vendas e atendimento;<br \/>\n&#8211; Venda ativa dos produtos e servi\u00e7os financeiros (Cart\u00e3o, Seguros, Parcelamentos, etc.) nos pontos de caixa.<\/p>\n<p>Requisitos obrigat\u00f3rios:<br \/>\n&#8211;\u00a0Ensino\u00a0M\u00e9dio\u00a0completo;<br \/>\n&#8211; Disponibilidade de hor\u00e1rio;<br \/>\n&#8211; Experi\u00eancia em lideran\u00e7a no segmento de vendas e\/ou varejo.<\/p>\n<ul>\n<li>Local de trabalho: Angra dos Reis, RJ<\/li>\n<li>Regime de contrata\u00e7\u00e3o de tipo: Efetivo \u2013 CLT<\/li>\n<li>Jornada: Per\u00edodo Integral<\/li>\n<li>\u00c1rea e especializa\u00e7\u00e3o profissional: Comercial, Vendas &#8211; Lojas \/ Shopping<\/li>\n<li>N\u00edvel hier\u00e1rquico: Encarregado<\/li>\n<\/ul>\n<p>VALORIZADO<\/p>\n<p>Tempo de experi\u00eancia: Entre 1 e 3 anos<\/p>\n<p>Escolaridade M\u00ednima: Ensino M\u00e9dio (2\u00ba Grau)<\/p>\n<ul>\n<li>Assist\u00eancia M\u00e9dica e Odontol\u00f3gica (titular e dependentes, ap\u00f3s 12 meses)<\/li>\n<li>Wellhub\/Gympass<\/li>\n<li>Telemedicina e Teleterapias (titular e dependentes)<\/li>\n<li>Conv\u00eanio Sesc<\/li>\n<li>Conv\u00eanio Farm\u00e1cia<\/li>\n<li>B\u00f4nus por resultado<\/li>\n<li>Vale transporte<\/li>\n<li>Participa\u00e7\u00e3o de lucros<\/li>\n<li>Day-off \u2013 folga de anivers\u00e1rio<\/li>\n<li>Desconto de 20% nos produtos C&amp;A<\/li>\n<li>Vale-refei\u00e7\u00e3o e\/ou Vale-alimenta\u00e7\u00e3o<\/li>\n<\/ul>\n","protected":false},"excerpt":{"rendered":"<p>Sobre a vaga: Trabalhamos para voc\u00ea ser mais voc\u00ea em todos os momentos, come\u00e7ando pela sua carreira. Se voc\u00ea se identifica conosco e procura uma empresa, acima de tudo, apaixonada por pessoas, #VemPraC&amp;A! ?? Principais atribui\u00e7\u00f5es: &#8211; Gest\u00e3o, capacita\u00e7\u00e3o e desenvolvimento da equipe de vendas e atendimento; &#8211; Venda ativa dos produtos e servi\u00e7os financeiros [&hellip;]<\/p>\n","protected":false},"author":1,"featured_media":0,"comment_status":"open","ping_status":"open","sticky":false,"template":"","format":"standard","meta":{"footnotes":""},"categories":[21],"tags":[],"class_list":["post-4220","post","type-post","status-publish","format-standard","hentry","category-rio-de-janeiro-rj"],"_links":{"self":[{"href":"https:\/\/vagas.portalemprego.com.br\/index.php?rest_route=\/wp\/v2\/posts\/4220","targetHints":{"allow":["GET"]}}],"collection":[{"href":"https:\/\/vagas.portalemprego.com.br\/index.php?rest_route=\/wp\/v2\/posts"}],"about":[{"href":"https:\/\/vagas.portalemprego.com.br\/index.php?rest_route=\/wp\/v2\/types\/post"}],"author":[{"embeddable":true,"href":"https:\/\/vagas.portalemprego.com.br\/index.php?rest_route=\/wp\/v2\/users\/1"}],"replies":[{"embeddable":true,"href":"https:\/\/vagas.portalemprego.com.br\/index.php?rest_route=%2Fwp%2Fv2%2Fcomments&post=4220"}],"version-history":[{"count":0,"href":"https:\/\/vagas.portalemprego.com.br\/index.php?rest_route=\/wp\/v2\/posts\/4220\/revisions"}],"wp:attachment":[{"href":"https:\/\/vagas.portalemprego.com.br\/index.php?rest_route=%2Fwp%2Fv2%2Fmedia&parent=4220"}],"wp:term":[{"taxonomy":"category","embeddable":true,"href":"https:\/\/vagas.portalemprego.com.br\/index.php?rest_route=%2Fwp%2Fv2%2Fcategories&post=4220"},{"taxonomy":"post_tag","embeddable":true,"href":"https:\/\/vagas.portalemprego.com.br\/index.php?rest_route=%2Fwp%2Fv2%2Ftags&post=4220"}],"curies":[{"name":"wp","href":"https:\/\/api.w.org\/{rel}","templated":true}]}}