{"id":4223,"date":"2026-04-29T06:25:25","date_gmt":"2026-04-29T09:25:25","guid":{"rendered":"https:\/\/vagas.portalemprego.com.br\/?p=4223"},"modified":"2026-04-29T06:25:25","modified_gmt":"2026-04-29T09:25:25","slug":"assistente-de-e-commerce-comercial-vendas-rio-de-janeiro-2","status":"publish","type":"post","link":"https:\/\/vagas.portalemprego.com.br\/?p=4223","title":{"rendered":"Assistente de E-commerce &#8211; Comercial, Vendas &#8211; Rio de Janeiro"},"content":{"rendered":"<p>Cria\u00e7\u00e3o de post com banners e imagens em redes sociais;<br \/>\nAux\u00edlio na montagem do calend\u00e1rio de publica\u00e7\u00f5es;<br \/>\nAuxiliar na edi\u00e7\u00e3o de imagens de produtos;<br \/>\nEdi\u00e7\u00e3o de fotos de an\u00fancios; ?Vincula\u00e7\u00e3o de gest\u00e3o de estoque nos ecommerces;<br \/>\nPublicar e agendar posts nas redes sociais;<br \/>\nCadastro de an\u00fancios no. Mercado Livre,Shopee, Amazon, Magalu, TIK TOK, entre outros;<br \/>\nRedigir e publicar mat\u00e9rias<\/p>\n<p>Local: Centro &#8211; RJ<\/p>\n<p>Escala:<\/p>\n<ul>\n<li>Local de trabalho: Rio de Janeiro, RJ<\/li>\n<li>Regime de contrata\u00e7\u00e3o de tipo: Efetivo \u2013 CLT<\/li>\n<li>Jornada: Per\u00edodo Integral<\/li>\n<li>\u00c1rea e especializa\u00e7\u00e3o profissional: Comercial, Vendas &#8211; Atendimento<\/li>\n<li>N\u00edvel hier\u00e1rquico: Encarregado<\/li>\n<\/ul>\n<p>HABILIDADES<\/p>\n<ul>\n<li>Conhecimento e experi\u00eancia com fluxo de pedidos di\u00e1rios<\/li>\n<li>Ensino m\u00e9dio completo<\/li>\n<li>Experi\u00eancia em edi\u00e7\u00e3o de imagem e v\u00eddeo<\/li>\n<li>Experi\u00eancia como e-commerce e com divulga\u00e7\u00e3o de produtos em canais de an\u00fancio<\/li>\n<li>Desej\u00e1vel dom\u00ednio das ferramentas Canva e CorelDraw<\/li>\n<li>Desej\u00e1vel conhecimento da plataforma Anymarket<\/li>\n<\/ul>\n<p>Escolaridade M\u00ednima: Ensino M\u00e9dio (2\u00ba Grau)<\/p>\n<ul>\n<li>Plano Odontol\u00f3gico<\/li>\n<li>VR<\/li>\n<li>Plano de Sa\u00fade<\/li>\n<li>VT<\/li>\n<li>VA<\/li>\n<\/ul>\n<p>Sal\u00e1rio: 2000,0<\/p>\n","protected":false},"excerpt":{"rendered":"<p>Cria\u00e7\u00e3o de post com banners e imagens em redes sociais; Aux\u00edlio na montagem do calend\u00e1rio de publica\u00e7\u00f5es; Auxiliar na edi\u00e7\u00e3o de imagens de produtos; Edi\u00e7\u00e3o de fotos de an\u00fancios; ?Vincula\u00e7\u00e3o de gest\u00e3o de estoque nos ecommerces; Publicar e agendar posts nas redes sociais; Cadastro de an\u00fancios no. Mercado Livre,Shopee, Amazon, Magalu, TIK TOK, entre outros; [&hellip;]<\/p>\n","protected":false},"author":1,"featured_media":0,"comment_status":"open","ping_status":"open","sticky":false,"template":"","format":"standard","meta":{"footnotes":""},"categories":[21],"tags":[],"class_list":["post-4223","post","type-post","status-publish","format-standard","hentry","category-rio-de-janeiro-rj"],"_links":{"self":[{"href":"https:\/\/vagas.portalemprego.com.br\/index.php?rest_route=\/wp\/v2\/posts\/4223","targetHints":{"allow":["GET"]}}],"collection":[{"href":"https:\/\/vagas.portalemprego.com.br\/index.php?rest_route=\/wp\/v2\/posts"}],"about":[{"href":"https:\/\/vagas.portalemprego.com.br\/index.php?rest_route=\/wp\/v2\/types\/post"}],"author":[{"embeddable":true,"href":"https:\/\/vagas.portalemprego.com.br\/index.php?rest_route=\/wp\/v2\/users\/1"}],"replies":[{"embeddable":true,"href":"https:\/\/vagas.portalemprego.com.br\/index.php?rest_route=%2Fwp%2Fv2%2Fcomments&post=4223"}],"version-history":[{"count":0,"href":"https:\/\/vagas.portalemprego.com.br\/index.php?rest_route=\/wp\/v2\/posts\/4223\/revisions"}],"wp:attachment":[{"href":"https:\/\/vagas.portalemprego.com.br\/index.php?rest_route=%2Fwp%2Fv2%2Fmedia&parent=4223"}],"wp:term":[{"taxonomy":"category","embeddable":true,"href":"https:\/\/vagas.portalemprego.com.br\/index.php?rest_route=%2Fwp%2Fv2%2Fcategories&post=4223"},{"taxonomy":"post_tag","embeddable":true,"href":"https:\/\/vagas.portalemprego.com.br\/index.php?rest_route=%2Fwp%2Fv2%2Ftags&post=4223"}],"curies":[{"name":"wp","href":"https:\/\/api.w.org\/{rel}","templated":true}]}}