{"id":4226,"date":"2026-04-29T06:25:25","date_gmt":"2026-04-29T09:25:25","guid":{"rendered":"https:\/\/vagas.portalemprego.com.br\/?p=4226"},"modified":"2026-04-29T06:25:25","modified_gmt":"2026-04-29T09:25:25","slug":"executivo-comercial-de-desenvolvimento-de-parceiros-rio-de-janeiro-rj-comercial-vendas-rio-de-janeiro","status":"publish","type":"post","link":"https:\/\/vagas.portalemprego.com.br\/?p=4226","title":{"rendered":"Executivo Comercial de Desenvolvimento de Parceiros &#8211; Rio de Janeiro \/ RJ &#8211; Comercial, Vendas &#8211; Rio de Janeiro"},"content":{"rendered":"<p>Executivo Comercial de Desenvolvimento de Parceiros <\/p>\n<p>Atividades:<\/p>\n<p>&#8211; Realizar prospec\u00e7\u00e3o ativa de parceiros varejistas locais (campo e liga\u00e7\u00f5es a frio).<br \/>\n&#8211; Apresentar a proposta de valor do programa Hub Delivery.<br \/>\n&#8211; Conduzir a integra\u00e7\u00e3o e ativa\u00e7\u00e3o de novos parceiros.<br \/>\n&#8211; Acompanhar e garantir o desempenho operacional dos parceiros.<br \/>\n&#8211; Monitorar indicadores e atuar na corre\u00e7\u00e3o de desvios.<br \/>\n&#8211; Manter relacionamento direto com os parceiros, com visitas regulares em campo.<br \/>\n&#8211; Posi\u00e7\u00e3o  com forte atua\u00e7\u00e3o em campo e responsabilidade direta por resultados.<\/p>\n<p>Qualifica\u00e7\u00f5es Requeridas:<\/p>\n<p>&#8211; Ensino m\u00e9dio completo.<br \/>\n&#8211; Experi\u00eancia com vendas externas.<br \/>\n&#8211;\u00a0Experi\u00eancia com vendas PAP e  prospec\u00e7\u00e3o de clientes via liga\u00e7\u00f5es.<br \/>\n&#8211;\u00a0Vic\u00eancia com desenvolvimento de neg\u00f3cios, gest\u00e3o de contas.<br \/>\n&#8211; Perfil hands-on, proativo, com boa comunica\u00e7\u00e3o e foco em resultados.<br \/>\n&#8211; Facilidade para prospec\u00e7\u00e3o ativa e negocia\u00e7\u00e3o. <\/p>\n<p>Localidade: Rio de Janeiro &#8211; RJ<br \/>\nModalidade de contrata\u00e7\u00e3o: CLT &#8211; Efetivo.<br \/>\nModalidade de atua\u00e7\u00e3o: Atua\u00e7\u00e3o em campo + Base<br \/>\nHor\u00e1rio de trabalho: Segunda a sexta-feira das 09:00h \u00e0s 18:48h<br \/>\nBenef\u00edcios:<br \/>\nVale refei\u00e7\u00e3o<br \/>\nVale alimenta\u00e7\u00e3o<br \/>\nPlano de sa\u00fade<br \/>\nPlano odontol\u00f3gico<\/p>\n<ul>\n<li>N\u00famero de vagas: 9<\/li>\n<li>Local de trabalho: Rio de Janeiro, RJ<\/li>\n<li>Regime de contrata\u00e7\u00e3o de tipo: Efetivo \u2013 CLT<\/li>\n<li>Jornada: Per\u00edodo Integral<\/li>\n<li>\u00c1rea e especializa\u00e7\u00e3o profissional: Comercial, Vendas &#8211; Venda Externa<\/li>\n<li>N\u00edvel hier\u00e1rquico: Analista<\/li>\n<\/ul>\n<p>Escolaridade M\u00ednima: Ensino M\u00e9dio (2\u00ba Grau)<\/p>\n<ul>\n<li>Vale refei\u00e7\u00e3o Vale alimenta\u00e7\u00e3o Plano de sa\u00fade Plano odontol\u00f3gico<\/li>\n<\/ul>\n<p>Sal\u00e1rio: 4384,0<\/p>\n","protected":false},"excerpt":{"rendered":"<p>Executivo Comercial de Desenvolvimento de Parceiros Atividades: &#8211; Realizar prospec\u00e7\u00e3o ativa de parceiros varejistas locais (campo e liga\u00e7\u00f5es a frio). &#8211; Apresentar a proposta de valor do programa Hub Delivery. &#8211; Conduzir a integra\u00e7\u00e3o e ativa\u00e7\u00e3o de novos parceiros. &#8211; Acompanhar e garantir o desempenho operacional dos parceiros. &#8211; Monitorar indicadores e atuar na corre\u00e7\u00e3o [&hellip;]<\/p>\n","protected":false},"author":1,"featured_media":0,"comment_status":"open","ping_status":"open","sticky":false,"template":"","format":"standard","meta":{"footnotes":""},"categories":[21],"tags":[],"class_list":["post-4226","post","type-post","status-publish","format-standard","hentry","category-rio-de-janeiro-rj"],"_links":{"self":[{"href":"https:\/\/vagas.portalemprego.com.br\/index.php?rest_route=\/wp\/v2\/posts\/4226","targetHints":{"allow":["GET"]}}],"collection":[{"href":"https:\/\/vagas.portalemprego.com.br\/index.php?rest_route=\/wp\/v2\/posts"}],"about":[{"href":"https:\/\/vagas.portalemprego.com.br\/index.php?rest_route=\/wp\/v2\/types\/post"}],"author":[{"embeddable":true,"href":"https:\/\/vagas.portalemprego.com.br\/index.php?rest_route=\/wp\/v2\/users\/1"}],"replies":[{"embeddable":true,"href":"https:\/\/vagas.portalemprego.com.br\/index.php?rest_route=%2Fwp%2Fv2%2Fcomments&post=4226"}],"version-history":[{"count":0,"href":"https:\/\/vagas.portalemprego.com.br\/index.php?rest_route=\/wp\/v2\/posts\/4226\/revisions"}],"wp:attachment":[{"href":"https:\/\/vagas.portalemprego.com.br\/index.php?rest_route=%2Fwp%2Fv2%2Fmedia&parent=4226"}],"wp:term":[{"taxonomy":"category","embeddable":true,"href":"https:\/\/vagas.portalemprego.com.br\/index.php?rest_route=%2Fwp%2Fv2%2Fcategories&post=4226"},{"taxonomy":"post_tag","embeddable":true,"href":"https:\/\/vagas.portalemprego.com.br\/index.php?rest_route=%2Fwp%2Fv2%2Ftags&post=4226"}],"curies":[{"name":"wp","href":"https:\/\/api.w.org\/{rel}","templated":true}]}}