{"id":4228,"date":"2026-04-29T06:25:25","date_gmt":"2026-04-29T09:25:25","guid":{"rendered":"https:\/\/vagas.portalemprego.com.br\/?p=4228"},"modified":"2026-04-29T06:25:25","modified_gmt":"2026-04-29T09:25:25","slug":"assistente-de-gerente-alimentacao-gastronomia-rio-de-janeiro","status":"publish","type":"post","link":"https:\/\/vagas.portalemprego.com.br\/?p=4228","title":{"rendered":"Assistente de Gerente &#8211; Alimenta\u00e7\u00e3o \/ Gastronomia &#8211; Rio de Janeiro"},"content":{"rendered":"<p>Assistente\u00a0de\u00a0Gerente<br \/>\nLocal\u00a0de\u00a0trabalho:\u00a0Av.\u00a0Francisco\u00a0Bicalho,\u00a01\u00a0&#8211;\u00a0Santo\u00a0Cristo,\u00a0Rio\u00a0de\u00a0Janeiro\u00a0&#8211;\u00a0RJ<br \/>\nSal\u00e1rio:\u00a0R$\u00a02.708,20\u00a0&#8211;\u00a0Pagamento\u00a0de\u00a0hora\u00a0extra,\u00a0feriado\u00a0e\u00a0adicional\u00a0noturno.<br \/>\nHor\u00e1rio\u00a0\u00e0\u00a0combinar\u00a0(disponibilidade\u00a0total\u00a0de\u00a0hor\u00e1rio\u00a0para\u00a0abertura\u00a0e\u00a0fechamento\u00a0da\u00a0loja<br \/>\nBenef\u00edcios:\u00a0Vale\u00a0transporte:\u00a0Modal\u00a0ou\u00a0BU\u00a0(4,70\u00a0x\u00a02\u00a0ou\u00a09,40\u00a0x\u00a02)\u00a0Refei\u00e7\u00e3o\u00a0e\u00a0Lanche\u00a0no\u00a0local\u00a0de\u00a0trabalho.<br \/>\nAtividades:\u00a0Lideran\u00e7a,\u00a0Auxiliar\u00a0na\u00a0Coordena\u00e7\u00e3o\u00a0de\u00a0equipes;\u00a0Executar\u00a0rotinas\u00a0administrativas\u00a0e\u00a0prestar\u00a0assessoria;\u00a0Abrir\u00a0e\u00a0fechar\u00a0caixa,\u00a0abrir\u00a0e\u00a0fechar\u00a0Loja;\u00a0Auxiliar\u00a0no\u00a0atendimento\u00a0aos\u00a0clientes.\u00a0Controlar\u00a0pedidos\u00a0de\u00a0estoque.<\/p>\n<ul>\n<li>Local de trabalho: Rio de Janeiro, RJ<\/li>\n<li>Regime de contrata\u00e7\u00e3o de tipo: Efetivo \u2013 CLT<\/li>\n<li>Jornada: Per\u00edodo Integral<\/li>\n<li>\u00c1rea e especializa\u00e7\u00e3o profissional: Alimenta\u00e7\u00e3o \/ Gastronomia &#8211; Lanchonete, Fast Food, Cafeteria<\/li>\n<li>N\u00edvel hier\u00e1rquico: Assistente<\/li>\n<\/ul>\n<p>VALORIZADO<\/p>\n<p>Tempo de experi\u00eancia: Entre 1 e 3 anos<\/p>\n<p>Escolaridade M\u00ednima: Ensino M\u00e9dio (2\u00ba Grau)<\/p>\n<p>Sal\u00e1rio: 2708,2<\/p>\n","protected":false},"excerpt":{"rendered":"<p>Assistente\u00a0de\u00a0Gerente Local\u00a0de\u00a0trabalho:\u00a0Av.\u00a0Francisco\u00a0Bicalho,\u00a01\u00a0&#8211;\u00a0Santo\u00a0Cristo,\u00a0Rio\u00a0de\u00a0Janeiro\u00a0&#8211;\u00a0RJ Sal\u00e1rio:\u00a0R$\u00a02.708,20\u00a0&#8211;\u00a0Pagamento\u00a0de\u00a0hora\u00a0extra,\u00a0feriado\u00a0e\u00a0adicional\u00a0noturno. Hor\u00e1rio\u00a0\u00e0\u00a0combinar\u00a0(disponibilidade\u00a0total\u00a0de\u00a0hor\u00e1rio\u00a0para\u00a0abertura\u00a0e\u00a0fechamento\u00a0da\u00a0loja Benef\u00edcios:\u00a0Vale\u00a0transporte:\u00a0Modal\u00a0ou\u00a0BU\u00a0(4,70\u00a0x\u00a02\u00a0ou\u00a09,40\u00a0x\u00a02)\u00a0Refei\u00e7\u00e3o\u00a0e\u00a0Lanche\u00a0no\u00a0local\u00a0de\u00a0trabalho. Atividades:\u00a0Lideran\u00e7a,\u00a0Auxiliar\u00a0na\u00a0Coordena\u00e7\u00e3o\u00a0de\u00a0equipes;\u00a0Executar\u00a0rotinas\u00a0administrativas\u00a0e\u00a0prestar\u00a0assessoria;\u00a0Abrir\u00a0e\u00a0fechar\u00a0caixa,\u00a0abrir\u00a0e\u00a0fechar\u00a0Loja;\u00a0Auxiliar\u00a0no\u00a0atendimento\u00a0aos\u00a0clientes.\u00a0Controlar\u00a0pedidos\u00a0de\u00a0estoque. Local de trabalho: Rio de Janeiro, RJ Regime de contrata\u00e7\u00e3o de tipo: Efetivo \u2013 CLT Jornada: Per\u00edodo Integral \u00c1rea e especializa\u00e7\u00e3o profissional: Alimenta\u00e7\u00e3o \/ Gastronomia &#8211; Lanchonete, Fast Food, Cafeteria N\u00edvel hier\u00e1rquico: Assistente VALORIZADO Tempo de experi\u00eancia: Entre 1 e 3 anos Escolaridade M\u00ednima: Ensino M\u00e9dio (2\u00ba Grau) Sal\u00e1rio: [&hellip;]<\/p>\n","protected":false},"author":1,"featured_media":0,"comment_status":"open","ping_status":"open","sticky":false,"template":"","format":"standard","meta":{"footnotes":""},"categories":[21],"tags":[],"class_list":["post-4228","post","type-post","status-publish","format-standard","hentry","category-rio-de-janeiro-rj"],"_links":{"self":[{"href":"https:\/\/vagas.portalemprego.com.br\/index.php?rest_route=\/wp\/v2\/posts\/4228","targetHints":{"allow":["GET"]}}],"collection":[{"href":"https:\/\/vagas.portalemprego.com.br\/index.php?rest_route=\/wp\/v2\/posts"}],"about":[{"href":"https:\/\/vagas.portalemprego.com.br\/index.php?rest_route=\/wp\/v2\/types\/post"}],"author":[{"embeddable":true,"href":"https:\/\/vagas.portalemprego.com.br\/index.php?rest_route=\/wp\/v2\/users\/1"}],"replies":[{"embeddable":true,"href":"https:\/\/vagas.portalemprego.com.br\/index.php?rest_route=%2Fwp%2Fv2%2Fcomments&post=4228"}],"version-history":[{"count":0,"href":"https:\/\/vagas.portalemprego.com.br\/index.php?rest_route=\/wp\/v2\/posts\/4228\/revisions"}],"wp:attachment":[{"href":"https:\/\/vagas.portalemprego.com.br\/index.php?rest_route=%2Fwp%2Fv2%2Fmedia&parent=4228"}],"wp:term":[{"taxonomy":"category","embeddable":true,"href":"https:\/\/vagas.portalemprego.com.br\/index.php?rest_route=%2Fwp%2Fv2%2Fcategories&post=4228"},{"taxonomy":"post_tag","embeddable":true,"href":"https:\/\/vagas.portalemprego.com.br\/index.php?rest_route=%2Fwp%2Fv2%2Ftags&post=4228"}],"curies":[{"name":"wp","href":"https:\/\/api.w.org\/{rel}","templated":true}]}}