{"id":4234,"date":"2026-04-29T06:26:26","date_gmt":"2026-04-29T09:26:26","guid":{"rendered":"https:\/\/vagas.portalemprego.com.br\/?p=4234"},"modified":"2026-04-29T06:26:26","modified_gmt":"2026-04-29T09:26:26","slug":"analista-de-controladoria-ii-contabil-financas-economia-rio-de-janeiro","status":"publish","type":"post","link":"https:\/\/vagas.portalemprego.com.br\/?p=4234","title":{"rendered":"Analista de Controladoria II &#8211; Cont\u00e1bil, Finan\u00e7as, Economia &#8211; Rio de Janeiro"},"content":{"rendered":"<p>Analista de Controladoria (Foco em Tribut\u00e1rio) \u2013 Pleno<\/p>\n<p>Empresa do segmento de marketing e comunica\u00e7\u00e3o busca Analista de Controladoria Pleno, com forte atua\u00e7\u00e3o na \u00e1rea tribut\u00e1ria e perfil anal\u00edtico.<br \/>\n??\u00a0Informa\u00e7\u00f5es\u00a0da\u00a0Vaga<br \/>\nModelo\u00a0de\u00a0contrata\u00e7\u00e3o:\u00a0PJ<br \/>\nRemunera\u00e7\u00e3o:\u00a0R$\u00a08.500,00<br \/>\nJornada:\u00a0segunda\u00a0a\u00a0sexta,\u00a0das\u00a010h\u00a0\u00e0s\u00a019h<br \/>\nModelo\u00a0h\u00edbrido\u00a0<br \/>\nBenef\u00edcios:\u00a0TotalPass\u00a0+\u00a020\u00a0dias\u00a0\u00fateis\u00a0de\u00a0f\u00e9rias<br \/>\n Principais Atividades<br \/>\nApura\u00e7\u00e3o de tributos federais, estaduais e municipais<br \/>\nApoio ao fechamento cont\u00e1bil mensal e concilia\u00e7\u00e3o de impostos<br \/>\nConfer\u00eancia fiscal de notas de entrada e sa\u00edda<br \/>\nCumprimento de obriga\u00e7\u00f5es acess\u00f3rias (ECD, ECF, EFD, DCTF, entre outras)<br \/>\nElabora\u00e7\u00e3o de an\u00e1lises e relat\u00f3rios tribut\u00e1rios<br \/>\nSuporte \u00e0 controladoria, contabilidade, tesouraria e auditorias<br \/>\n?? Requisitos<br \/>\nForma\u00e7\u00e3o em Ci\u00eancias Cont\u00e1beis, Administra\u00e7\u00e3o, Economia ou \u00e1reas correlatas<br \/>\nExperi\u00eancia pr\u00e9via em controladoria, fiscal ou tribut\u00e1rio<br \/>\nConhecimento em tributos diretos e indiretos<br \/>\nViv\u00eancia com fechamento cont\u00e1bil<br \/>\nExcel intermedi\u00e1rio a avan\u00e7ado (imprescind\u00edvel)<br \/>\n? Diferenciais<br \/>\nEspecializa\u00e7\u00e3o na \u00e1rea tribut\u00e1ria<br \/>\nConhecimento em planejamento tribut\u00e1rio<\/p>\n<ul>\n<li>Local de trabalho: Rio de Janeiro, RJ<\/li>\n<li>Regime de contrata\u00e7\u00e3o de tipo: Efetivo \u2013 CLT<\/li>\n<li>Jornada: Per\u00edodo Integral<\/li>\n<li>\u00c1rea e especializa\u00e7\u00e3o profissional: Cont\u00e1bil, Finan\u00e7as, Economia &#8211; Controladoria<\/li>\n<li>N\u00edvel hier\u00e1rquico: Analista<\/li>\n<\/ul>\n<p>VALORIZADO<\/p>\n<p>Tempo de experi\u00eancia: Entre 1 e 3 anos<\/p>\n<p>HABILIDADES<\/p>\n<ul>\n<li>Cumprimento de obriga\u00e7\u00f5es acess\u00f3rias<\/li>\n<li>Apura\u00e7\u00e3o de tributos<\/li>\n<li>Fechamento cont\u00e1bil<\/li>\n<li>Concilia\u00e7\u00e3o de impostos<\/li>\n<\/ul>\n<p>Escolaridade M\u00ednima: Ensino Superior<\/p>\n<ul>\n<li>Total Pass<\/li>\n<\/ul>\n<p>Sal\u00e1rio: 8501,0<\/p>\n","protected":false},"excerpt":{"rendered":"<p>Analista de Controladoria (Foco em Tribut\u00e1rio) \u2013 Pleno Empresa do segmento de marketing e comunica\u00e7\u00e3o busca Analista de Controladoria Pleno, com forte atua\u00e7\u00e3o na \u00e1rea tribut\u00e1ria e perfil anal\u00edtico. ??\u00a0Informa\u00e7\u00f5es\u00a0da\u00a0Vaga Modelo\u00a0de\u00a0contrata\u00e7\u00e3o:\u00a0PJ Remunera\u00e7\u00e3o:\u00a0R$\u00a08.500,00 Jornada:\u00a0segunda\u00a0a\u00a0sexta,\u00a0das\u00a010h\u00a0\u00e0s\u00a019h Modelo\u00a0h\u00edbrido\u00a0 Benef\u00edcios:\u00a0TotalPass\u00a0+\u00a020\u00a0dias\u00a0\u00fateis\u00a0de\u00a0f\u00e9rias Principais Atividades Apura\u00e7\u00e3o de tributos federais, estaduais e municipais Apoio ao fechamento cont\u00e1bil mensal e concilia\u00e7\u00e3o de impostos Confer\u00eancia fiscal [&hellip;]<\/p>\n","protected":false},"author":1,"featured_media":0,"comment_status":"open","ping_status":"open","sticky":false,"template":"","format":"standard","meta":{"footnotes":""},"categories":[21],"tags":[],"class_list":["post-4234","post","type-post","status-publish","format-standard","hentry","category-rio-de-janeiro-rj"],"_links":{"self":[{"href":"https:\/\/vagas.portalemprego.com.br\/index.php?rest_route=\/wp\/v2\/posts\/4234","targetHints":{"allow":["GET"]}}],"collection":[{"href":"https:\/\/vagas.portalemprego.com.br\/index.php?rest_route=\/wp\/v2\/posts"}],"about":[{"href":"https:\/\/vagas.portalemprego.com.br\/index.php?rest_route=\/wp\/v2\/types\/post"}],"author":[{"embeddable":true,"href":"https:\/\/vagas.portalemprego.com.br\/index.php?rest_route=\/wp\/v2\/users\/1"}],"replies":[{"embeddable":true,"href":"https:\/\/vagas.portalemprego.com.br\/index.php?rest_route=%2Fwp%2Fv2%2Fcomments&post=4234"}],"version-history":[{"count":0,"href":"https:\/\/vagas.portalemprego.com.br\/index.php?rest_route=\/wp\/v2\/posts\/4234\/revisions"}],"wp:attachment":[{"href":"https:\/\/vagas.portalemprego.com.br\/index.php?rest_route=%2Fwp%2Fv2%2Fmedia&parent=4234"}],"wp:term":[{"taxonomy":"category","embeddable":true,"href":"https:\/\/vagas.portalemprego.com.br\/index.php?rest_route=%2Fwp%2Fv2%2Fcategories&post=4234"},{"taxonomy":"post_tag","embeddable":true,"href":"https:\/\/vagas.portalemprego.com.br\/index.php?rest_route=%2Fwp%2Fv2%2Ftags&post=4234"}],"curies":[{"name":"wp","href":"https:\/\/api.w.org\/{rel}","templated":true}]}}