{"id":4235,"date":"2026-04-29T06:26:26","date_gmt":"2026-04-29T09:26:26","guid":{"rendered":"https:\/\/vagas.portalemprego.com.br\/?p=4235"},"modified":"2026-04-29T06:26:26","modified_gmt":"2026-04-29T09:26:26","slug":"secretario-executivo-administracao-rio-de-janeiro","status":"publish","type":"post","link":"https:\/\/vagas.portalemprego.com.br\/?p=4235","title":{"rendered":"Secret\u00e1rio Executivo &#8211; Administra\u00e7\u00e3o &#8211; Rio de Janeiro"},"content":{"rendered":"<p>Vaga: Secret\u00e1ria \u2013 Escrit\u00f3rio de Advocacia<\/p>\n<p>Escrit\u00f3rio de advocacia localizado no Centro do Rio de Janeiro busca Secret\u00e1ria para atuar no suporte administrativo e atendimento, garantindo organiza\u00e7\u00e3o, efici\u00eancia e excel\u00eancia no relacionamento com clientes.<br \/>\n??\u00a0Informa\u00e7\u00f5es\u00a0da\u00a0Vaga<br \/>\nRegime:\u00a0CLT<br \/>\nJornada:\u00a0Segunda\u00a0a\u00a0sexta,\u00a0das\u00a009h\u00a0\u00e0s\u00a018h<br \/>\nLocal:\u00a0Centro\u00a0\u2013\u00a0Rio\u00a0de\u00a0Janeiro\/RJ<br \/>\nSal\u00e1rio:\u00a0R$\u00a02.500,00<br \/>\nBenef\u00edcios:\u00a0Plano\u00a0de\u00a0Sa\u00fade,\u00a0Vale-Transporte\u00a0e\u00a0Vale-Refei\u00e7\u00e3o<br \/>\n?? Principais Responsabilidades<br \/>\nOrganiza\u00e7\u00e3o e controle de agendas e compromissos;<br \/>\nAtendimento telef\u00f4nico e presencial;<br \/>\nOrganiza\u00e7\u00e3o de documentos e arquivos;<br \/>\nGest\u00e3o do ambiente do escrit\u00f3rio e suprimentos;<br \/>\nApoio \u00e0 organiza\u00e7\u00e3o de reuni\u00f5es e eventos internos;<br \/>\nControle da limpeza e organiza\u00e7\u00e3o dos espa\u00e7os.<br \/>\n?? Requisitos<br \/>\nEnsino superior completo ou cursando em Secretariado;<br \/>\nExperi\u00eancia pr\u00e9via na fun\u00e7\u00e3o ou em atividades administrativas;<br \/>\nBoa comunica\u00e7\u00e3o oral e escrita;<br \/>\nOrganiza\u00e7\u00e3o, responsabilidade e proatividade;<br \/>\nFacilidade com ferramentas digitais (Pacote Office \/ Google Workspace).<br \/>\n?? Diferenciais<br \/>\nExperi\u00eancia em escrit\u00f3rio jur\u00eddico;<br \/>\nConhecimento de softwares de gest\u00e3o jur\u00eddica.<\/p>\n<ul>\n<li>Local de trabalho: Rio de Janeiro, RJ<\/li>\n<li>Regime de contrata\u00e7\u00e3o de tipo: Efetivo \u2013 CLT<\/li>\n<li>Jornada: Per\u00edodo Integral<\/li>\n<li>\u00c1rea e especializa\u00e7\u00e3o profissional: Administra\u00e7\u00e3o &#8211; Secretariado<\/li>\n<li>N\u00edvel hier\u00e1rquico: Analista<\/li>\n<\/ul>\n<p>VALORIZADO<\/p>\n<p>Tempo de experi\u00eancia: Entre 1 e 3 anos<\/p>\n<p>HABILIDADES<\/p>\n<ul>\n<li>Google Workspace<\/li>\n<\/ul>\n<p>Escolaridade M\u00ednima: Ensino Superior<\/p>\n<ul>\n<li>Vale-refei\u00e7\u00e3o<\/li>\n<li>Assist\u00eancia m\u00e9dica<\/li>\n<li>Assist\u00eancia odontol\u00f3gica<\/li>\n<li>Vale transporte<\/li>\n<\/ul>\n<p>Sal\u00e1rio: 2501,0<\/p>\n","protected":false},"excerpt":{"rendered":"<p>Vaga: Secret\u00e1ria \u2013 Escrit\u00f3rio de Advocacia Escrit\u00f3rio de advocacia localizado no Centro do Rio de Janeiro busca Secret\u00e1ria para atuar no suporte administrativo e atendimento, garantindo organiza\u00e7\u00e3o, efici\u00eancia e excel\u00eancia no relacionamento com clientes. ??\u00a0Informa\u00e7\u00f5es\u00a0da\u00a0Vaga Regime:\u00a0CLT Jornada:\u00a0Segunda\u00a0a\u00a0sexta,\u00a0das\u00a009h\u00a0\u00e0s\u00a018h Local:\u00a0Centro\u00a0\u2013\u00a0Rio\u00a0de\u00a0Janeiro\/RJ Sal\u00e1rio:\u00a0R$\u00a02.500,00 Benef\u00edcios:\u00a0Plano\u00a0de\u00a0Sa\u00fade,\u00a0Vale-Transporte\u00a0e\u00a0Vale-Refei\u00e7\u00e3o ?? Principais Responsabilidades Organiza\u00e7\u00e3o e controle de agendas e compromissos; Atendimento telef\u00f4nico e presencial; Organiza\u00e7\u00e3o [&hellip;]<\/p>\n","protected":false},"author":1,"featured_media":0,"comment_status":"open","ping_status":"open","sticky":false,"template":"","format":"standard","meta":{"footnotes":""},"categories":[21],"tags":[],"class_list":["post-4235","post","type-post","status-publish","format-standard","hentry","category-rio-de-janeiro-rj"],"_links":{"self":[{"href":"https:\/\/vagas.portalemprego.com.br\/index.php?rest_route=\/wp\/v2\/posts\/4235","targetHints":{"allow":["GET"]}}],"collection":[{"href":"https:\/\/vagas.portalemprego.com.br\/index.php?rest_route=\/wp\/v2\/posts"}],"about":[{"href":"https:\/\/vagas.portalemprego.com.br\/index.php?rest_route=\/wp\/v2\/types\/post"}],"author":[{"embeddable":true,"href":"https:\/\/vagas.portalemprego.com.br\/index.php?rest_route=\/wp\/v2\/users\/1"}],"replies":[{"embeddable":true,"href":"https:\/\/vagas.portalemprego.com.br\/index.php?rest_route=%2Fwp%2Fv2%2Fcomments&post=4235"}],"version-history":[{"count":0,"href":"https:\/\/vagas.portalemprego.com.br\/index.php?rest_route=\/wp\/v2\/posts\/4235\/revisions"}],"wp:attachment":[{"href":"https:\/\/vagas.portalemprego.com.br\/index.php?rest_route=%2Fwp%2Fv2%2Fmedia&parent=4235"}],"wp:term":[{"taxonomy":"category","embeddable":true,"href":"https:\/\/vagas.portalemprego.com.br\/index.php?rest_route=%2Fwp%2Fv2%2Fcategories&post=4235"},{"taxonomy":"post_tag","embeddable":true,"href":"https:\/\/vagas.portalemprego.com.br\/index.php?rest_route=%2Fwp%2Fv2%2Ftags&post=4235"}],"curies":[{"name":"wp","href":"https:\/\/api.w.org\/{rel}","templated":true}]}}