{"id":4241,"date":"2026-04-29T06:26:26","date_gmt":"2026-04-29T09:26:26","guid":{"rendered":"https:\/\/vagas.portalemprego.com.br\/?p=4241"},"modified":"2026-04-29T06:26:26","modified_gmt":"2026-04-29T09:26:26","slug":"mediador-pedagogico-saude-ibmr-campus-barra-polo-parceiro-saude-rio-de-janeiro","status":"publish","type":"post","link":"https:\/\/vagas.portalemprego.com.br\/?p=4241","title":{"rendered":"Mediador Pedag\u00f3gico Sa\u00fade &#8211; IBMR Campus Barra (Polo Parceiro) &#8211; Sa\u00fade &#8211; Rio de Janeiro"},"content":{"rendered":"<p>Descri\u00e7\u00e3o<br \/>\nSeja\u00a0um\u00a0educador\u00a0ou\u00a0educadora\u00a0no\u00a0Ecossistema\u00a0\u00c2nima\u00a0e\u00a0venha\u00a0transformar\u00a0o\u00a0pa\u00eds\u00a0pela\u00a0educa\u00e7\u00e3o.<br \/>\nMEDIADOR\u00a0PEDAG\u00d3GICO\u00a0NO\u00a0CURSO\u00a0DE\u00a0SA\u00daDE<br \/>\nEssa\u00a0posi\u00e7\u00e3o\u00a0\u00e9\u00a0para\u00a0atuar\u00a0no\u00a0Polo\u00a0Parceiro\u00a0do\u00a0IBMR\u00a0Campus\u00a0Barra,\u00a0que\u00a0faz\u00a0parte\u00a0do\u00a0Ecossistema\u00a0\u00c2nima,\u00a0o\u00a0maior\u00a0e\u00a0o\u00a0mais\u00a0inovador\u00a0ecossistema\u00a0de\u00a0ensino\u00a0de\u00a0qualidade\u00a0do\u00a0pa\u00eds,\u00a0com\u00a0institui\u00e7\u00f5es\u00a0espalhadas\u00a0por\u00a0todo\u00a0o\u00a0Brasil.\u00a0Somos\u00a0uma\u00a0empresa\u00a0em\u00a0constante\u00a0evolu\u00e7\u00e3o,\u00a0que\u00a0enxerga\u00a0em\u00a0cada\u00a0detalhe\u00a0novas\u00a0formas\u00a0de\u00a0promover\u00a0a\u00a0educa\u00e7\u00e3o.\u00a0Por\u00a0sinal,\u00a0essa\u00a0\u00e9\u00a0a\u00a0ess\u00eancia\u00a0que\u00a0nos\u00a0faz\u00a0ser\u00a0diferentes.<br \/>\nAh!\u00a0Independente\u00a0de\u00a0cor,\u00a0idade,\u00a0g\u00eanero,\u00a0orienta\u00e7\u00e3o\u00a0sexual,\u00a0origem,\u00a0religi\u00e3o\u00a0ou\u00a0qualquer\u00a0outra\u00a0caracter\u00edstica,\u00a0ou\u00a0particularidade\u00a0que\u00a0tenha,\u00a0se\u00a0voc\u00ea\u00a0tem\u00a0desejo\u00a0e\u00a0energia\u00a0para\u00a0contribuir\u00a0para\u00a0a\u00a0transforma\u00e7\u00e3o\u00a0de\u00a0vidas\u00a0por\u00a0meio\u00a0da\u00a0Educa\u00e7\u00e3o,\u00a0aqui\u00a0\u00e9\u00a0o\u00a0seu\u00a0lugar!<br \/>\nConfira\u00a0mais\u00a0sobre\u00a0a\u00a0nossa\u00a0oportunidade.<br \/>\nDo\u00a0que\u00a0voc\u00ea\u00a0precisa\u00a0para\u00a0concorrer\u00a0\u00e0\u00a0vaga:<br \/>\n\u2022\u00a0Ter\u00a0ensino\u00a0superior\u00a0completo;<br \/>\n\u2022\u00a0Conhecimento\u00a0no\u00a0componente\u00a0curricular.<br \/>\nComo\u00a0ser\u00e1\u00a0seu\u00a0dia\u00a0a\u00a0dia\u00a0como\u00a0educador\u00a0ou\u00a0educadora:<br \/>\nVoc\u00ea\u00a0ser\u00e1\u00a0uma\u00a0pe\u00e7a\u00a0essencial\u00a0no\u00a0processo\u00a0de\u00a0aprendizagem,\u00a0atuando\u00a0como\u00a0ponte\u00a0ativa\u00a0entre\u00a0estudantes,\u00a0professores\u00a0e\u00a0o\u00a0ecossistema\u00a0acad\u00eamico.\u00a0Entre\u00a0suas\u00a0principais\u00a0responsabilidades,\u00a0est\u00e3o:<br \/>\n\u2022\u00a0Conduzir\u00a0encontros\u00a0de\u00a0media\u00e7\u00e3o,\u00a0aprofundando\u00a0conte\u00fados\u00a0e\u00a0fortalecendo\u00a0a\u00a0aprendizagem\u00a0dos\u00a0estudantes;<br \/>\n\u2022\u00a0Atuar\u00a0de\u00a0maneira\u00a0proativa\u00a0no\u00a0ambiente\u00a0virtual\u00a0de\u00a0aprendizagem,\u00a0mediando\u00a0d\u00favidas,\u00a0estimulando\u00a0o\u00a0engajamento\u00a0e\u00a0acompanhando\u00a0intera\u00e7\u00f5es\u00a0nos\u00a0f\u00f3runs;<br \/>\n\u2022\u00a0Apoiar\u00a0o\u00a0professor\u00a0regente\u00a0na\u00a0corre\u00e7\u00e3o\u00a0de\u00a0avalia\u00e7\u00f5es\u00a0discursivas,\u00a0garantindo\u00a0coer\u00eancia\u00a0pedag\u00f3gica\u00a0e\u00a0alinhamento\u00a0com\u00a0os\u00a0crit\u00e9rios\u00a0definidos;<br \/>\n\u2022\u00a0Participar\u00a0do\u00a0Programa\u00a0de\u00a0Acolhimento,\u00a0contribuindo\u00a0com\u00a0o\u00a0apoio\u00a0aos\u00a0novos\u00a0estudantes\u00a0e\u00a0conduzindo\u00a0encontros\u00a0de\u00a0reposi\u00e7\u00e3o\u00a0para\u00a0ingressantes\u00a0tardios;<br \/>\n\u2022\u00a0Manter\u00a0di\u00e1logo\u00a0cont\u00ednuo\u00a0com\u00a0o\u00a0professor\u00a0regente\u00a0para\u00a0alinhar\u00a0estrat\u00e9gias\u00a0acad\u00eamicas\u00a0e\u00a0pedag\u00f3gicas;<br \/>\n\u2022\u00a0Engajar-se\u00a0nas\u00a0forma\u00e7\u00f5es\u00a0institucionais\u00a0para\u00a0aprimorar\u00a0continuamente\u00a0sua\u00a0pr\u00e1tica\u00a0de\u00a0media\u00e7\u00e3o.<br \/>\nConhecimentos\u00a0que\u00a0s\u00e3o\u00a0bacanas\u00a0para\u00a0essa\u00a0posi\u00e7\u00e3o:<br \/>\nUC:\u00a0Biossistemas\u00a0do\u00a0Corpo\u00a0Humano<br \/>\nHor\u00e1rio:\u00a019:00\u00a0\u00e1s\u00a021:50<br \/>\nVeja\u00a0o\u00a0que\u00a0j\u00e1\u00a0vai\u00a0encontrar\u00a0no\u00a0nosso\u00a0Ecossistema\u00a0\u00c2nima<br \/>\n\u2022\u00a0Bolsas\u00a0de\u00a0Estudos<br \/>\n\u2022\u00a0Indica\u00e7\u00e3o\u00a0de\u00a02\u00a0Bolsas\u00a0de\u00a0Estudos\u00a0para\u00a0quem\u00a0preferir<br \/>\n\u2022\u00a0Programa\u00a0de\u00a0Bem-estar\u00a0e\u00a0Qualidade\u00a0de\u00a0Vida<br \/>\n\u2022\u00a0Gympass<br \/>\n\u2022\u00a0ECOA\u00a0\u2013\u00a0Escola\u00a0Corporativa\u00a0\u00c2nima,\u00a0com\u00a0+\u00a0de\u00a0100\u00a0cursos\u00a0livres\u00a0e\u00a0gratuitos<br \/>\n\u2022\u00a0Programa\u00a0Valor\u00a0das\u00a0Pessoas:\u00a0vale-presente\u00a0para\u00a0os\u00a0educadores\u00a0em\u00a0fases\u00a0marcantes\u00a0de\u00a0suas\u00a0vidas,\u00a0como\u00a0casamento,\u00a0nascimento\u00a0e\u00a0at\u00e9\u00a0mesmo\u00a0uma\u00a0nova\u00a0titula\u00e7\u00e3o.<br \/>\nFique\u00a0atento\u00a0\u00e0s\u00a0etapas\u00a0do\u00a0processo\u00a0seletivo,\u00a0que\u00a0acontece\u00a0de\u00a0forma\u00a0100%\u00a0remota:<br \/>\n1.\u00a0An\u00e1lise\u00a0dos\u00a0curr\u00edculos;<br \/>\n2.\u00a0Avalia\u00e7\u00e3o\u00a0t\u00e9cnica;<br \/>\n3.\u00a0Entrevista\u00a0com\u00a0nosso\u00a0time\u00a0de\u00a0Recrutamento\u00a0e\u00a0Sele\u00e7\u00e3o;<br \/>\n4.\u00a0Entrevista\u00a0com\u00a0a\u00a0lideran\u00e7a<\/p>\n<p>Boa\u00a0sorte!<br \/>\n#Seja\u00c2nima<\/p>\n<ul>\n<li>Local de trabalho: Rio de Janeiro, RJ<\/li>\n<li>Regime de contrata\u00e7\u00e3o de tipo: Efetivo \u2013 CLT<\/li>\n<li>Jornada: Parcial noites<\/li>\n<li>\u00c1rea e especializa\u00e7\u00e3o profissional: Sa\u00fade &#8211; Medicina<\/li>\n<li>N\u00edvel hier\u00e1rquico: Especialista<\/li>\n<\/ul>\n<p>Escolaridade M\u00ednima: P\u00f3s-gradua\u00e7\u00e3o &#8211; Especializa\u00e7\u00e3o\/MBA<\/p>\n","protected":false},"excerpt":{"rendered":"<p>Descri\u00e7\u00e3o Seja\u00a0um\u00a0educador\u00a0ou\u00a0educadora\u00a0no\u00a0Ecossistema\u00a0\u00c2nima\u00a0e\u00a0venha\u00a0transformar\u00a0o\u00a0pa\u00eds\u00a0pela\u00a0educa\u00e7\u00e3o. MEDIADOR\u00a0PEDAG\u00d3GICO\u00a0NO\u00a0CURSO\u00a0DE\u00a0SA\u00daDE Essa\u00a0posi\u00e7\u00e3o\u00a0\u00e9\u00a0para\u00a0atuar\u00a0no\u00a0Polo\u00a0Parceiro\u00a0do\u00a0IBMR\u00a0Campus\u00a0Barra,\u00a0que\u00a0faz\u00a0parte\u00a0do\u00a0Ecossistema\u00a0\u00c2nima,\u00a0o\u00a0maior\u00a0e\u00a0o\u00a0mais\u00a0inovador\u00a0ecossistema\u00a0de\u00a0ensino\u00a0de\u00a0qualidade\u00a0do\u00a0pa\u00eds,\u00a0com\u00a0institui\u00e7\u00f5es\u00a0espalhadas\u00a0por\u00a0todo\u00a0o\u00a0Brasil.\u00a0Somos\u00a0uma\u00a0empresa\u00a0em\u00a0constante\u00a0evolu\u00e7\u00e3o,\u00a0que\u00a0enxerga\u00a0em\u00a0cada\u00a0detalhe\u00a0novas\u00a0formas\u00a0de\u00a0promover\u00a0a\u00a0educa\u00e7\u00e3o.\u00a0Por\u00a0sinal,\u00a0essa\u00a0\u00e9\u00a0a\u00a0ess\u00eancia\u00a0que\u00a0nos\u00a0faz\u00a0ser\u00a0diferentes. Ah!\u00a0Independente\u00a0de\u00a0cor,\u00a0idade,\u00a0g\u00eanero,\u00a0orienta\u00e7\u00e3o\u00a0sexual,\u00a0origem,\u00a0religi\u00e3o\u00a0ou\u00a0qualquer\u00a0outra\u00a0caracter\u00edstica,\u00a0ou\u00a0particularidade\u00a0que\u00a0tenha,\u00a0se\u00a0voc\u00ea\u00a0tem\u00a0desejo\u00a0e\u00a0energia\u00a0para\u00a0contribuir\u00a0para\u00a0a\u00a0transforma\u00e7\u00e3o\u00a0de\u00a0vidas\u00a0por\u00a0meio\u00a0da\u00a0Educa\u00e7\u00e3o,\u00a0aqui\u00a0\u00e9\u00a0o\u00a0seu\u00a0lugar! Confira\u00a0mais\u00a0sobre\u00a0a\u00a0nossa\u00a0oportunidade. Do\u00a0que\u00a0voc\u00ea\u00a0precisa\u00a0para\u00a0concorrer\u00a0\u00e0\u00a0vaga: \u2022\u00a0Ter\u00a0ensino\u00a0superior\u00a0completo; \u2022\u00a0Conhecimento\u00a0no\u00a0componente\u00a0curricular. Como\u00a0ser\u00e1\u00a0seu\u00a0dia\u00a0a\u00a0dia\u00a0como\u00a0educador\u00a0ou\u00a0educadora: Voc\u00ea\u00a0ser\u00e1\u00a0uma\u00a0pe\u00e7a\u00a0essencial\u00a0no\u00a0processo\u00a0de\u00a0aprendizagem,\u00a0atuando\u00a0como\u00a0ponte\u00a0ativa\u00a0entre\u00a0estudantes,\u00a0professores\u00a0e\u00a0o\u00a0ecossistema\u00a0acad\u00eamico.\u00a0Entre\u00a0suas\u00a0principais\u00a0responsabilidades,\u00a0est\u00e3o: \u2022\u00a0Conduzir\u00a0encontros\u00a0de\u00a0media\u00e7\u00e3o,\u00a0aprofundando\u00a0conte\u00fados\u00a0e\u00a0fortalecendo\u00a0a\u00a0aprendizagem\u00a0dos\u00a0estudantes; \u2022\u00a0Atuar\u00a0de\u00a0maneira\u00a0proativa\u00a0no\u00a0ambiente\u00a0virtual\u00a0de\u00a0aprendizagem,\u00a0mediando\u00a0d\u00favidas,\u00a0estimulando\u00a0o\u00a0engajamento\u00a0e\u00a0acompanhando\u00a0intera\u00e7\u00f5es\u00a0nos\u00a0f\u00f3runs; \u2022\u00a0Apoiar\u00a0o\u00a0professor\u00a0regente\u00a0na\u00a0corre\u00e7\u00e3o\u00a0de\u00a0avalia\u00e7\u00f5es\u00a0discursivas,\u00a0garantindo\u00a0coer\u00eancia\u00a0pedag\u00f3gica\u00a0e\u00a0alinhamento\u00a0com\u00a0os\u00a0crit\u00e9rios\u00a0definidos; \u2022\u00a0Participar\u00a0do\u00a0Programa\u00a0de\u00a0Acolhimento,\u00a0contribuindo\u00a0com\u00a0o\u00a0apoio\u00a0aos\u00a0novos\u00a0estudantes\u00a0e\u00a0conduzindo\u00a0encontros\u00a0de\u00a0reposi\u00e7\u00e3o\u00a0para\u00a0ingressantes\u00a0tardios; \u2022\u00a0Manter\u00a0di\u00e1logo\u00a0cont\u00ednuo\u00a0com\u00a0o\u00a0professor\u00a0regente\u00a0para\u00a0alinhar\u00a0estrat\u00e9gias\u00a0acad\u00eamicas\u00a0e\u00a0pedag\u00f3gicas; \u2022\u00a0Engajar-se\u00a0nas\u00a0forma\u00e7\u00f5es\u00a0institucionais\u00a0para\u00a0aprimorar\u00a0continuamente\u00a0sua\u00a0pr\u00e1tica\u00a0de\u00a0media\u00e7\u00e3o. Conhecimentos\u00a0que\u00a0s\u00e3o\u00a0bacanas\u00a0para\u00a0essa\u00a0posi\u00e7\u00e3o: UC:\u00a0Biossistemas\u00a0do\u00a0Corpo\u00a0Humano Hor\u00e1rio:\u00a019:00\u00a0\u00e1s\u00a021:50 Veja\u00a0o\u00a0que\u00a0j\u00e1\u00a0vai\u00a0encontrar\u00a0no\u00a0nosso\u00a0Ecossistema\u00a0\u00c2nima \u2022\u00a0Bolsas\u00a0de\u00a0Estudos \u2022\u00a0Indica\u00e7\u00e3o\u00a0de\u00a02\u00a0Bolsas\u00a0de\u00a0Estudos\u00a0para\u00a0quem\u00a0preferir \u2022\u00a0Programa\u00a0de\u00a0Bem-estar\u00a0e\u00a0Qualidade\u00a0de\u00a0Vida \u2022\u00a0Gympass \u2022\u00a0ECOA\u00a0\u2013\u00a0Escola\u00a0Corporativa\u00a0\u00c2nima,\u00a0com\u00a0+\u00a0de\u00a0100\u00a0cursos\u00a0livres\u00a0e\u00a0gratuitos \u2022\u00a0Programa\u00a0Valor\u00a0das\u00a0Pessoas:\u00a0vale-presente\u00a0para\u00a0os\u00a0educadores\u00a0em\u00a0fases\u00a0marcantes\u00a0de\u00a0suas\u00a0vidas,\u00a0como\u00a0casamento,\u00a0nascimento\u00a0e\u00a0at\u00e9\u00a0mesmo\u00a0uma\u00a0nova\u00a0titula\u00e7\u00e3o. Fique\u00a0atento\u00a0\u00e0s\u00a0etapas\u00a0do\u00a0processo\u00a0seletivo,\u00a0que\u00a0acontece\u00a0de\u00a0forma\u00a0100%\u00a0remota: 1.\u00a0An\u00e1lise\u00a0dos\u00a0curr\u00edculos; 2.\u00a0Avalia\u00e7\u00e3o\u00a0t\u00e9cnica; 3.\u00a0Entrevista\u00a0com\u00a0nosso\u00a0time\u00a0de\u00a0Recrutamento\u00a0e\u00a0Sele\u00e7\u00e3o; 4.\u00a0Entrevista\u00a0com\u00a0a\u00a0lideran\u00e7a Boa\u00a0sorte! #Seja\u00c2nima Local de trabalho: Rio de Janeiro, RJ Regime de contrata\u00e7\u00e3o de tipo: Efetivo \u2013 CLT Jornada: Parcial noites \u00c1rea e especializa\u00e7\u00e3o [&hellip;]<\/p>\n","protected":false},"author":1,"featured_media":0,"comment_status":"open","ping_status":"open","sticky":false,"template":"","format":"standard","meta":{"footnotes":""},"categories":[21],"tags":[],"class_list":["post-4241","post","type-post","status-publish","format-standard","hentry","category-rio-de-janeiro-rj"],"_links":{"self":[{"href":"https:\/\/vagas.portalemprego.com.br\/index.php?rest_route=\/wp\/v2\/posts\/4241","targetHints":{"allow":["GET"]}}],"collection":[{"href":"https:\/\/vagas.portalemprego.com.br\/index.php?rest_route=\/wp\/v2\/posts"}],"about":[{"href":"https:\/\/vagas.portalemprego.com.br\/index.php?rest_route=\/wp\/v2\/types\/post"}],"author":[{"embeddable":true,"href":"https:\/\/vagas.portalemprego.com.br\/index.php?rest_route=\/wp\/v2\/users\/1"}],"replies":[{"embeddable":true,"href":"https:\/\/vagas.portalemprego.com.br\/index.php?rest_route=%2Fwp%2Fv2%2Fcomments&post=4241"}],"version-history":[{"count":0,"href":"https:\/\/vagas.portalemprego.com.br\/index.php?rest_route=\/wp\/v2\/posts\/4241\/revisions"}],"wp:attachment":[{"href":"https:\/\/vagas.portalemprego.com.br\/index.php?rest_route=%2Fwp%2Fv2%2Fmedia&parent=4241"}],"wp:term":[{"taxonomy":"category","embeddable":true,"href":"https:\/\/vagas.portalemprego.com.br\/index.php?rest_route=%2Fwp%2Fv2%2Fcategories&post=4241"},{"taxonomy":"post_tag","embeddable":true,"href":"https:\/\/vagas.portalemprego.com.br\/index.php?rest_route=%2Fwp%2Fv2%2Ftags&post=4241"}],"curies":[{"name":"wp","href":"https:\/\/api.w.org\/{rel}","templated":true}]}}