{"id":4242,"date":"2026-04-29T06:26:26","date_gmt":"2026-04-29T09:26:26","guid":{"rendered":"https:\/\/vagas.portalemprego.com.br\/?p=4242"},"modified":"2026-04-29T06:26:26","modified_gmt":"2026-04-29T09:26:26","slug":"costureira-generalista-nova-friburgo-moda-nova-friburgo","status":"publish","type":"post","link":"https:\/\/vagas.portalemprego.com.br\/?p=4242","title":{"rendered":"Costureira Generalista Nova Friburgo &#8211; Moda &#8211; Nova Friburgo"},"content":{"rendered":"<p>Costureira Generalista &#8211; Nova Friburgo #1333<\/p>\n<p>Sobre a empresa<br \/>\nEmpresa tradicional no segmento de confec\u00e7\u00f5es, com mais de 25 anos de atua\u00e7\u00e3o em Nova Friburgo, em pleno crescimento, oferecendo excelente estrutura de trabalho e qualidade para seus clientes.<br \/>\nSal\u00e1rio e Benef\u00edcios<br \/>\nSal\u00e1rio fixo<br \/>\nVale alimenta\u00e7\u00e3o<br \/>\nPr\u00eamio produ\u00e7\u00e3o<br \/>\nVoucher anivers\u00e1rio<br \/>\nPremia\u00e7\u00e3o por indica\u00e7\u00e3o<br \/>\nSorteios mensais de pr\u00eamios<br \/>\nConv\u00eanio com o SESI<br \/>\nHor\u00e1rio de trabalho<br \/>\nSegunda a quinta: 7h \u00e0s 17h30<br \/>\nSexta-feira: 7h \u00e0s 13h<br \/>\nAtividades<br \/>\nProdu\u00e7\u00e3o de pijamas e lingeries conforme planejamento da f\u00e1brica;<br \/>\nOpera\u00e7\u00e3o de m\u00e1quinas de costura;<br \/>\nCumprimento de metas de produ\u00e7\u00e3o e qualidade.<br \/>\nRequisitos<br \/>\nObrigat\u00f3rios:<br \/>\nExperi\u00eancia m\u00ednima de 1 ano na fun\u00e7\u00e3o;<br \/>\nConhecimento em m\u00e1quinas:<br \/>\nOverlock<br \/>\nTravete<br \/>\nColarete<br \/>\nDesej\u00e1veis:<br \/>\nOrganiza\u00e7\u00e3o;<br \/>\nAten\u00e7\u00e3o concentrada;<br \/>\nBom relacionamento interpessoal.<\/p>\n<ul>\n<li>Local de trabalho: Nova Friburgo, RJ<\/li>\n<li>Regime de contrata\u00e7\u00e3o de tipo: Efetivo \u2013 CLT<\/li>\n<li>Jornada: Per\u00edodo Integral<\/li>\n<li>\u00c1rea e especializa\u00e7\u00e3o profissional: Moda &#8211; Costura<\/li>\n<li>N\u00edvel hier\u00e1rquico: Operacional<\/li>\n<\/ul>\n<p>VALORIZADO<\/p>\n<p>Tempo de experi\u00eancia: Entre 1 e 3 anos<\/p>\n<p>HABILIDADES<\/p>\n<ul>\n<li>Aten\u00e7\u00e3o concentrada;<\/li>\n<li>Organiza\u00e7\u00e3o;<\/li>\n<li>Bom relacionamento interpessoal.<\/li>\n<li>Travete<\/li>\n<li>Overlock<\/li>\n<li>Colarete<\/li>\n<\/ul>\n<p>Escolaridade M\u00ednima: Ensino M\u00e9dio (2\u00ba Grau)<\/p>\n<p>Sal\u00e1rio: 1899,0<\/p>\n","protected":false},"excerpt":{"rendered":"<p>Costureira Generalista &#8211; Nova Friburgo #1333 Sobre a empresa Empresa tradicional no segmento de confec\u00e7\u00f5es, com mais de 25 anos de atua\u00e7\u00e3o em Nova Friburgo, em pleno crescimento, oferecendo excelente estrutura de trabalho e qualidade para seus clientes. Sal\u00e1rio e Benef\u00edcios Sal\u00e1rio fixo Vale alimenta\u00e7\u00e3o Pr\u00eamio produ\u00e7\u00e3o Voucher anivers\u00e1rio Premia\u00e7\u00e3o por indica\u00e7\u00e3o Sorteios mensais de [&hellip;]<\/p>\n","protected":false},"author":1,"featured_media":0,"comment_status":"open","ping_status":"open","sticky":false,"template":"","format":"standard","meta":{"footnotes":""},"categories":[21],"tags":[],"class_list":["post-4242","post","type-post","status-publish","format-standard","hentry","category-rio-de-janeiro-rj"],"_links":{"self":[{"href":"https:\/\/vagas.portalemprego.com.br\/index.php?rest_route=\/wp\/v2\/posts\/4242","targetHints":{"allow":["GET"]}}],"collection":[{"href":"https:\/\/vagas.portalemprego.com.br\/index.php?rest_route=\/wp\/v2\/posts"}],"about":[{"href":"https:\/\/vagas.portalemprego.com.br\/index.php?rest_route=\/wp\/v2\/types\/post"}],"author":[{"embeddable":true,"href":"https:\/\/vagas.portalemprego.com.br\/index.php?rest_route=\/wp\/v2\/users\/1"}],"replies":[{"embeddable":true,"href":"https:\/\/vagas.portalemprego.com.br\/index.php?rest_route=%2Fwp%2Fv2%2Fcomments&post=4242"}],"version-history":[{"count":0,"href":"https:\/\/vagas.portalemprego.com.br\/index.php?rest_route=\/wp\/v2\/posts\/4242\/revisions"}],"wp:attachment":[{"href":"https:\/\/vagas.portalemprego.com.br\/index.php?rest_route=%2Fwp%2Fv2%2Fmedia&parent=4242"}],"wp:term":[{"taxonomy":"category","embeddable":true,"href":"https:\/\/vagas.portalemprego.com.br\/index.php?rest_route=%2Fwp%2Fv2%2Fcategories&post=4242"},{"taxonomy":"post_tag","embeddable":true,"href":"https:\/\/vagas.portalemprego.com.br\/index.php?rest_route=%2Fwp%2Fv2%2Ftags&post=4242"}],"curies":[{"name":"wp","href":"https:\/\/api.w.org\/{rel}","templated":true}]}}