{"id":4246,"date":"2026-04-29T06:26:26","date_gmt":"2026-04-29T09:26:26","guid":{"rendered":"https:\/\/vagas.portalemprego.com.br\/?p=4246"},"modified":"2026-04-29T06:26:26","modified_gmt":"2026-04-29T09:26:26","slug":"frentista-posto-atacadao-vicente-de-carvalho-rio-de-janeiro-comercial-vendas-rio-de-janeiro","status":"publish","type":"post","link":"https:\/\/vagas.portalemprego.com.br\/?p=4246","title":{"rendered":"FRENTISTA | POSTO ATACAD\u00c3O VICENTE DE CARVALHO &#8211; RIO DE JANEIRO &#8211; Comercial, Vendas &#8211; Rio de Janeiro"},"content":{"rendered":"<p>MAIS QUE MERCADO<br \/>\nSomos hoje o maior empregador privado do Pa\u00eds com 130 mil colaboradores e colaboradoras unidos no prop\u00f3sito de contribuir para uma alimenta\u00e7\u00e3o mais acess\u00edvel e de qualidade aos brasileiros e brasileiras, colaborando assim com a sa\u00fade e o bem-estar de todos e todas.<\/p>\n<p>No Carrefour, trabalhamos diariamente a cultura do respeito e da equidade. A valoriza\u00e7\u00e3o da diversidade \u00e9 um compromisso para o Carrefour, por isso, encorajamos a candidatura e damos oportunidade a profissionais diversos, sejam Mulheres, Negros (as), Pessoas LGBTI+, Pessoas com defici\u00eancia ou Pessoas em situa\u00e7\u00e3o de ref\u00fagio.<\/p>\n<p>Nossa cultura est\u00e1 conectada a 5 pilares que s\u00e3o os nossos i4Cs!<br \/>\nS\u00e3o eles impulsionam nossa jornada de transforma\u00e7\u00e3o e s\u00e3o a forma de ser e agir dentro do grupo:<br \/>\nInclus\u00e3o: Acreditamos que a Inclus\u00e3o deve permear tudo o que fazemos juntos.<br \/>\nCliente: Cliente no foco de tudo, valorizando a diversidade e fortalecendo o impacto social.<br \/>\nCoragem: Supera as dificuldades, tem voz ativa, \u00e9 \u00e1gil, e promove a inova\u00e7\u00e3o.<br \/>\nCompromisso com a mudan\u00e7a: Facilita a mudan\u00e7a e a transforma\u00e7\u00e3o demonstrando abertura e flexibilidade.<br \/>\nCoopera\u00e7\u00e3o: Se conecta com todos os n\u00edveis e pessoas de forma curiosa em prol dos resultados.<\/p>\n<p>DO DISCURSO \u00c0 PR\u00c1TICA<\/p>\n<p>Executar os servi\u00e7os de abastecimento de combust\u00edveis, cumprindo com as normas de seguran\u00e7a estabelecidas para a atividade do posto<br \/>\nAtingir as metas individuais de vendas pr\u00e9-estabelecidas, oferecer combust\u00edvel aditivado, produtos como: aditivos e lubrificantes e promo\u00e7\u00f5es vigentes no per\u00edodo<br \/>\nExecutar a reposi\u00e7\u00e3o e arruma\u00e7\u00e3o dos produtos no expositor, seguindo instru\u00e7\u00f5es do gestor e\/ou layout pr\u00e9-definido<br \/>\nManter as depend\u00eancias e equipamentos limpos e organizados.<\/p>\n<p>Requisitos:<br \/>\nEscolaridade:  Desej\u00e1vel Ensino m\u00e9dio completo;<br \/>\nMorar no m\u00e1ximo a 45 min da unidade;<br \/>\nDisponibilidade para trabalhar na regi\u00e3o<\/p>\n<p>Se identificou? Inscreva-se e vamos juntos mudar o mundo atrav\u00e9s da alimenta\u00e7\u00e3o! #MelhoresJuntosMaioresComVoc\u00ea<\/p>\n<ul>\n<li>Local de trabalho: Rio de Janeiro, RJ<\/li>\n<li>Regime de contrata\u00e7\u00e3o de tipo: Efetivo \u2013 CLT<\/li>\n<li>Jornada: Per\u00edodo Integral<\/li>\n<li>\u00c1rea e especializa\u00e7\u00e3o profissional: Comercial, Vendas &#8211; Atendimento<\/li>\n<li>N\u00edvel hier\u00e1rquico: Operacional<\/li>\n<\/ul>\n<p>VALORIZADO<\/p>\n<p>Tempo de experi\u00eancia: Entre 1 e 3 anos<\/p>\n<p>HABILIDADES<\/p>\n<ul>\n<li>Vendas<\/li>\n<\/ul>\n<p>Escolaridade M\u00ednima: Ensino Fundamental (1\u00ba grau)<\/p>\n<ul>\n<li>Seguro de Vida;<\/li>\n<li>TotalPass<\/li>\n<li>Assist\u00eancia M\u00e9dica e Odontol\u00f3gica;<\/li>\n<li>Refei\u00e7\u00e3o no local<\/li>\n<li>Convenio Farm\u00e1cia<\/li>\n<li>Parceria com Sesc<\/li>\n<li>Reembolso \u00f3tica<\/li>\n<li>Desconto no cart\u00e3o Carrefour para compras na Rede.<\/li>\n<li>PLR &#8211; Participa\u00e7\u00e3o nos lucros e resultados.<\/li>\n<li>Vale transporte;<\/li>\n<\/ul>\n","protected":false},"excerpt":{"rendered":"<p>MAIS QUE MERCADO Somos hoje o maior empregador privado do Pa\u00eds com 130 mil colaboradores e colaboradoras unidos no prop\u00f3sito de contribuir para uma alimenta\u00e7\u00e3o mais acess\u00edvel e de qualidade aos brasileiros e brasileiras, colaborando assim com a sa\u00fade e o bem-estar de todos e todas. No Carrefour, trabalhamos diariamente a cultura do respeito e [&hellip;]<\/p>\n","protected":false},"author":1,"featured_media":0,"comment_status":"open","ping_status":"open","sticky":false,"template":"","format":"standard","meta":{"footnotes":""},"categories":[21],"tags":[],"class_list":["post-4246","post","type-post","status-publish","format-standard","hentry","category-rio-de-janeiro-rj"],"_links":{"self":[{"href":"https:\/\/vagas.portalemprego.com.br\/index.php?rest_route=\/wp\/v2\/posts\/4246","targetHints":{"allow":["GET"]}}],"collection":[{"href":"https:\/\/vagas.portalemprego.com.br\/index.php?rest_route=\/wp\/v2\/posts"}],"about":[{"href":"https:\/\/vagas.portalemprego.com.br\/index.php?rest_route=\/wp\/v2\/types\/post"}],"author":[{"embeddable":true,"href":"https:\/\/vagas.portalemprego.com.br\/index.php?rest_route=\/wp\/v2\/users\/1"}],"replies":[{"embeddable":true,"href":"https:\/\/vagas.portalemprego.com.br\/index.php?rest_route=%2Fwp%2Fv2%2Fcomments&post=4246"}],"version-history":[{"count":0,"href":"https:\/\/vagas.portalemprego.com.br\/index.php?rest_route=\/wp\/v2\/posts\/4246\/revisions"}],"wp:attachment":[{"href":"https:\/\/vagas.portalemprego.com.br\/index.php?rest_route=%2Fwp%2Fv2%2Fmedia&parent=4246"}],"wp:term":[{"taxonomy":"category","embeddable":true,"href":"https:\/\/vagas.portalemprego.com.br\/index.php?rest_route=%2Fwp%2Fv2%2Fcategories&post=4246"},{"taxonomy":"post_tag","embeddable":true,"href":"https:\/\/vagas.portalemprego.com.br\/index.php?rest_route=%2Fwp%2Fv2%2Ftags&post=4246"}],"curies":[{"name":"wp","href":"https:\/\/api.w.org\/{rel}","templated":true}]}}