{"id":4275,"date":"2026-04-29T06:27:27","date_gmt":"2026-04-29T09:27:27","guid":{"rendered":"https:\/\/vagas.portalemprego.com.br\/?p=4275"},"modified":"2026-04-29T06:27:27","modified_gmt":"2026-04-29T09:27:27","slug":"analista-de-transporte-administracao-duque-de-caxias","status":"publish","type":"post","link":"https:\/\/vagas.portalemprego.com.br\/?p=4275","title":{"rendered":"Analista de Transporte &#8211; Administra\u00e7\u00e3o &#8211; Duque de Caxias"},"content":{"rendered":"<p>Gerir o atendimento a transportadoras, focando na resolu\u00e7\u00e3o definitiva de ocorr\u00eancias de entregas e atuando na opera\u00e7\u00e3o quando necess\u00e1rio<br \/>\nOrganizar o registro de ocorr\u00eancias em planilhas e sistemas de controle para garantir a acuracidade dos dados.<br \/>\nFazer a gest\u00e3o da log\u00edstica reversa, garantindo junto ao SAC e transportadoras a r\u00e1pida resolu\u00e7\u00e3o das ocorr\u00eancias de devolu\u00e7\u00e3o.<br \/>\nAnalisar indicadores de desempenho (KPIs), como: Custo de Frete, Lead Time de entrega e demais indicadores que fa\u00e7am parte dos objetivos do setor<br \/>\nIdentificar gargalos no processo de agendamento de entregas de forma a melhorar o processo.<br \/>\nDar suporte a ger\u00eancia do setor na parametriza\u00e7\u00e3o do sistema Totvs GFE<br \/>\nGarantir a integra\u00e7\u00e3o de dados entre o sistema de transporte e os demais setores para informa\u00e7\u00f5es de rastreio em tempo real.<\/p>\n<p>Local: Figueira &#8211; Duque de Caxias<br \/>\nEscala de Trabalho: De segunda \u00e0 sexta, de 08h \u00e0s 17h48<\/p>\n<ul>\n<li>Local de trabalho: Duque de Caxias, RJ<\/li>\n<li>Regime de contrata\u00e7\u00e3o de tipo: Efetivo \u2013 CLT<\/li>\n<li>Jornada: Per\u00edodo Integral<\/li>\n<li>\u00c1rea e especializa\u00e7\u00e3o profissional: Administra\u00e7\u00e3o &#8211; Administra\u00e7\u00e3o Geral<\/li>\n<li>N\u00edvel hier\u00e1rquico: Analista<\/li>\n<\/ul>\n<p>VALORIZADO<\/p>\n<p>Tempo de experi\u00eancia: Entre 1 e 3 anos<\/p>\n<p>HABILIDADES<\/p>\n<ul>\n<li>Imprescind\u00edvel experi\u00eancia em transportadora<\/li>\n<li>Viv\u00eancia em an\u00e1lise de dados e processos log\u00edsticos<\/li>\n<li>\u2022\tDesej\u00e1vel dom\u00ednio no sistema Protheus<\/li>\n<li>Excel intermedi\u00e1rio<\/li>\n<li>Ensino Superior Completo ou Cursando em Log\u00edstica, Administra\u00e7\u00e3o ou Engenharia de Produ\u00e7\u00e3o<\/li>\n<li>Residir em Duque de Caxias<\/li>\n<\/ul>\n<p>Escolaridade M\u00ednima: Ensino Superior<\/p>\n<p>Forma\u00e7\u00e3o desejada:<\/p>\n<ul>\n<li>Log\u00edstica, Ensino Superior<\/li>\n<li>Administra\u00e7\u00e3o de empresas, Ensino Superior<\/li>\n<li>Engenharia de produ\u00e7\u00e3o\/industrial, Ensino Superior<\/li>\n<\/ul>\n<ul>\n<li>VT<\/li>\n<li>VA<\/li>\n<li>Plano de Sa\u00fade<\/li>\n<li>Plano de Odontol\u00f3gico<\/li>\n<li>Refei\u00e7\u00e3o no local<\/li>\n<\/ul>\n<p>Sal\u00e1rio: 3100,0<\/p>\n","protected":false},"excerpt":{"rendered":"<p>Gerir o atendimento a transportadoras, focando na resolu\u00e7\u00e3o definitiva de ocorr\u00eancias de entregas e atuando na opera\u00e7\u00e3o quando necess\u00e1rio Organizar o registro de ocorr\u00eancias em planilhas e sistemas de controle para garantir a acuracidade dos dados. Fazer a gest\u00e3o da log\u00edstica reversa, garantindo junto ao SAC e transportadoras a r\u00e1pida resolu\u00e7\u00e3o das ocorr\u00eancias de devolu\u00e7\u00e3o. [&hellip;]<\/p>\n","protected":false},"author":1,"featured_media":0,"comment_status":"open","ping_status":"open","sticky":false,"template":"","format":"standard","meta":{"footnotes":""},"categories":[21],"tags":[],"class_list":["post-4275","post","type-post","status-publish","format-standard","hentry","category-rio-de-janeiro-rj"],"_links":{"self":[{"href":"https:\/\/vagas.portalemprego.com.br\/index.php?rest_route=\/wp\/v2\/posts\/4275","targetHints":{"allow":["GET"]}}],"collection":[{"href":"https:\/\/vagas.portalemprego.com.br\/index.php?rest_route=\/wp\/v2\/posts"}],"about":[{"href":"https:\/\/vagas.portalemprego.com.br\/index.php?rest_route=\/wp\/v2\/types\/post"}],"author":[{"embeddable":true,"href":"https:\/\/vagas.portalemprego.com.br\/index.php?rest_route=\/wp\/v2\/users\/1"}],"replies":[{"embeddable":true,"href":"https:\/\/vagas.portalemprego.com.br\/index.php?rest_route=%2Fwp%2Fv2%2Fcomments&post=4275"}],"version-history":[{"count":0,"href":"https:\/\/vagas.portalemprego.com.br\/index.php?rest_route=\/wp\/v2\/posts\/4275\/revisions"}],"wp:attachment":[{"href":"https:\/\/vagas.portalemprego.com.br\/index.php?rest_route=%2Fwp%2Fv2%2Fmedia&parent=4275"}],"wp:term":[{"taxonomy":"category","embeddable":true,"href":"https:\/\/vagas.portalemprego.com.br\/index.php?rest_route=%2Fwp%2Fv2%2Fcategories&post=4275"},{"taxonomy":"post_tag","embeddable":true,"href":"https:\/\/vagas.portalemprego.com.br\/index.php?rest_route=%2Fwp%2Fv2%2Ftags&post=4275"}],"curies":[{"name":"wp","href":"https:\/\/api.w.org\/{rel}","templated":true}]}}