{"id":4281,"date":"2026-04-29T06:27:27","date_gmt":"2026-04-29T09:27:27","guid":{"rendered":"https:\/\/vagas.portalemprego.com.br\/?p=4281"},"modified":"2026-04-29T06:27:27","modified_gmt":"2026-04-29T09:27:27","slug":"oficial-de-manutencao-construcao-manutencao-rio-de-janeiro-14","status":"publish","type":"post","link":"https:\/\/vagas.portalemprego.com.br\/?p=4281","title":{"rendered":"Oficial de Manuten\u00e7\u00e3o &#8211; Constru\u00e7\u00e3o, Manuten\u00e7\u00e3o &#8211; Rio de Janeiro"},"content":{"rendered":"<p>O GRUPO RIGARR est\u00e1 em busca de um  Oficial de Manuten\u00e7\u00e3o para se juntar ao nosso time. Buscamos profissionais comprometidos com a excel\u00eancia e que tenham uma forte \u00e9tica de trabalho. O candidato ideal dever\u00e1 ser capaz de realizar manuten\u00e7\u00e3o preventiva e corretiva em diversas \u00e1reas, garantindo a efici\u00eancia e seguran\u00e7a operacional.<br \/>\nVoc\u00ea ser\u00e1 respons\u00e1vel por executar tarefas de manuten\u00e7\u00e3o em geral, seguindo as normas t\u00e9cnicas e de seguran\u00e7a. Sua fun\u00e7\u00e3o envolve a identifica\u00e7\u00e3o e corre\u00e7\u00e3o de falhas, bem como a realiza\u00e7\u00e3o de inspe\u00e7\u00f5es regulares para garantir o funcionamento adequado dos sistemas. Al\u00e9m disso, dever\u00e1 colaborar com a equipe t\u00e9cnica para o planejamento e execu\u00e7\u00e3o de projetos de manuten\u00e7\u00e3o.<br \/>\nExperi\u00eancia comprovada em manuten\u00e7\u00e3o Predial, instala\u00e7\u00f5es el\u00e9tricas e hidr\u00e1ulicas. Conhecimento em normas de seguran\u00e7a do trabalho e legisla\u00e7\u00e3o espec\u00edfica do setor \u00e9 altamente valorizado. O  candidato deve demonstrar capacidade de trabalho em equipe, organiza\u00e7\u00e3o e proatividade.<br \/>\nSe voc\u00ea \u00e9 algu\u00e9m que busca um ambiente de trabalho desafiador e que valoriza o desenvolvimento profissional, esta \u00e9 uma oportunidade para voc\u00ea. Junte-se a n\u00f3s e contribua para a manuten\u00e7\u00e3o da alta performance de nossos equipamentos e instala\u00e7\u00f5es.<br \/>\nInteressados devem enviar curr\u00edculo diretamente para a vaga. Aguardamos sua candidatura para fazer parte do GRUPO RIGARR.<\/p>\n<ul>\n<li>Local de trabalho: Rio de Janeiro, RJ<\/li>\n<li>Regime de contrata\u00e7\u00e3o de tipo: Efetivo \u2013 CLT<\/li>\n<li>Jornada: Per\u00edodo Integral<\/li>\n<li>\u00c1rea e especializa\u00e7\u00e3o profissional: Constru\u00e7\u00e3o, Manuten\u00e7\u00e3o &#8211; Manuten\u00e7\u00e3o em Geral<\/li>\n<li>N\u00edvel hier\u00e1rquico: Operacional<\/li>\n<\/ul>\n<p>VALORIZADO<\/p>\n<p>Tempo de experi\u00eancia: Entre 1 e 3 anos<\/p>\n<p>HABILIDADES<\/p>\n<ul>\n<li>Atitude<\/li>\n<li>Gestao de tempo<\/li>\n<li>Senso de urg\u00eanica<\/li>\n<li>Boa comunica\u00e7\u00e3o<\/li>\n<li>Proativo<\/li>\n<\/ul>\n<p>Escolaridade M\u00ednima: Curso T\u00e9cnico<\/p>\n<p>Forma\u00e7\u00e3o desejada:<\/p>\n<ul>\n<li>Pedreiro, Curso extra-curricular \/ Profissionalizante<\/li>\n<li>Ensino M\u00e9dio (2\u00ba Grau)<\/li>\n<li>Eletricista, Curso extra-curricular \/ Profissionalizante<\/li>\n<\/ul>\n<p>Sal\u00e1rio: 2488,69<\/p>\n","protected":false},"excerpt":{"rendered":"<p>O GRUPO RIGARR est\u00e1 em busca de um Oficial de Manuten\u00e7\u00e3o para se juntar ao nosso time. Buscamos profissionais comprometidos com a excel\u00eancia e que tenham uma forte \u00e9tica de trabalho. O candidato ideal dever\u00e1 ser capaz de realizar manuten\u00e7\u00e3o preventiva e corretiva em diversas \u00e1reas, garantindo a efici\u00eancia e seguran\u00e7a operacional. Voc\u00ea ser\u00e1 respons\u00e1vel [&hellip;]<\/p>\n","protected":false},"author":1,"featured_media":0,"comment_status":"open","ping_status":"open","sticky":false,"template":"","format":"standard","meta":{"footnotes":""},"categories":[21],"tags":[],"class_list":["post-4281","post","type-post","status-publish","format-standard","hentry","category-rio-de-janeiro-rj"],"_links":{"self":[{"href":"https:\/\/vagas.portalemprego.com.br\/index.php?rest_route=\/wp\/v2\/posts\/4281","targetHints":{"allow":["GET"]}}],"collection":[{"href":"https:\/\/vagas.portalemprego.com.br\/index.php?rest_route=\/wp\/v2\/posts"}],"about":[{"href":"https:\/\/vagas.portalemprego.com.br\/index.php?rest_route=\/wp\/v2\/types\/post"}],"author":[{"embeddable":true,"href":"https:\/\/vagas.portalemprego.com.br\/index.php?rest_route=\/wp\/v2\/users\/1"}],"replies":[{"embeddable":true,"href":"https:\/\/vagas.portalemprego.com.br\/index.php?rest_route=%2Fwp%2Fv2%2Fcomments&post=4281"}],"version-history":[{"count":0,"href":"https:\/\/vagas.portalemprego.com.br\/index.php?rest_route=\/wp\/v2\/posts\/4281\/revisions"}],"wp:attachment":[{"href":"https:\/\/vagas.portalemprego.com.br\/index.php?rest_route=%2Fwp%2Fv2%2Fmedia&parent=4281"}],"wp:term":[{"taxonomy":"category","embeddable":true,"href":"https:\/\/vagas.portalemprego.com.br\/index.php?rest_route=%2Fwp%2Fv2%2Fcategories&post=4281"},{"taxonomy":"post_tag","embeddable":true,"href":"https:\/\/vagas.portalemprego.com.br\/index.php?rest_route=%2Fwp%2Fv2%2Ftags&post=4281"}],"curies":[{"name":"wp","href":"https:\/\/api.w.org\/{rel}","templated":true}]}}