{"id":4285,"date":"2026-04-29T06:27:27","date_gmt":"2026-04-29T09:27:27","guid":{"rendered":"https:\/\/vagas.portalemprego.com.br\/?p=4285"},"modified":"2026-04-29T06:27:27","modified_gmt":"2026-04-29T09:27:27","slug":"analista-de-estudos-e-planejamento-em-rh-jr-recursos-humanos-rio-de-janeiro","status":"publish","type":"post","link":"https:\/\/vagas.portalemprego.com.br\/?p=4285","title":{"rendered":"Analista de Estudos e Planejamento em RH Jr &#8211; Recursos Humanos &#8211; Rio de Janeiro"},"content":{"rendered":"<p>O Grupo Seres, em parceria com empresa nacional do segmento de ind\u00fastria farmac\u00eautica, seleciona profissional para atuar na fun\u00e7\u00e3o de Analista de Estudos e Planejamento em RH Jr.<\/p>\n<p> Incentivamos candidaturas PCD, popula\u00e7\u00e3o negra, mulheres, LGBTQIAPN+.<\/p>\n<p>Requisitos:<br \/>\nEnsino Superior Administra\u00e7\u00e3o ou \u00e1reas correlatas;<br \/>\nAtua\u00e7\u00e3o nas \u00e1reas de Planejamento de Recursos Humanos e Remunera\u00e7\u00e3o;<br \/>\nExcel intermedi\u00e1rio a avan\u00e7ado.<\/p>\n<p>Desej\u00e1vel:<br \/>\nConhecimento em legisla\u00e7\u00e3o trabalhista e processos de licita\u00e7\u00e3o.;<\/p>\n<p>Atividades:<br \/>\nFoco em atividades na \u00e1rea de Estudos e Planejamento estrat\u00e9gico do RH &#8211; Atua\u00e7\u00e3o com remunera\u00e7\u00e3o, cargos e sal\u00e1rios, movimenta\u00e7\u00e3o de pessoal, an\u00e1lise e formaliza\u00e7\u00e3o de requisi\u00e7\u00f5es para promo\u00e7\u00f5es e reajustes salariais, an\u00e1lises de mercado, estudos de impactos financeiros para movimenta\u00e7\u00f5es (demonstrativos, c\u00e1lculos).<br \/>\nHor\u00e1rio de trabalho:<br \/>\nHor\u00e1rio: 08:00 \u00e0s 17h00<br \/>\nEscala: 5&#215;2<br \/>\nModelo: Presencial<\/p>\n<p>Local de trabalho:<br \/>\nJacarepagu\u00e1, Rio de Janeiro &#8211; Brasil<\/p>\n<ul>\n<li>Local de trabalho: Rio de Janeiro, RJ<\/li>\n<li>Regime de contrata\u00e7\u00e3o de tipo: Tempor\u00e1rio<\/li>\n<li>Jornada: Per\u00edodo Integral<\/li>\n<li>\u00c1rea e especializa\u00e7\u00e3o profissional: Recursos Humanos &#8211; Cargos e Sal\u00e1rios, Benef\u00edcios, Rela\u00e7\u00f5es Sindicais<\/li>\n<li>N\u00edvel hier\u00e1rquico: Analista<\/li>\n<\/ul>\n<p>VALORIZADO<\/p>\n<p>Tempo de experi\u00eancia: Entre 1 e 3 anos<\/p>\n<p>Escolaridade M\u00ednima: Ensino Superior<\/p>\n<ul>\n<li>vale transporte<\/li>\n<li>plano de sa\u00fade<\/li>\n<li>plano odontol\u00f3gico<\/li>\n<li>seguro de vida<\/li>\n<li>refeit\u00f3rio<\/li>\n<\/ul>\n<p>Sal\u00e1rio: 5140,41<\/p>\n","protected":false},"excerpt":{"rendered":"<p>O Grupo Seres, em parceria com empresa nacional do segmento de ind\u00fastria farmac\u00eautica, seleciona profissional para atuar na fun\u00e7\u00e3o de Analista de Estudos e Planejamento em RH Jr. Incentivamos candidaturas PCD, popula\u00e7\u00e3o negra, mulheres, LGBTQIAPN+. Requisitos: Ensino Superior Administra\u00e7\u00e3o ou \u00e1reas correlatas; Atua\u00e7\u00e3o nas \u00e1reas de Planejamento de Recursos Humanos e Remunera\u00e7\u00e3o; Excel intermedi\u00e1rio a [&hellip;]<\/p>\n","protected":false},"author":1,"featured_media":0,"comment_status":"open","ping_status":"open","sticky":false,"template":"","format":"standard","meta":{"footnotes":""},"categories":[21],"tags":[],"class_list":["post-4285","post","type-post","status-publish","format-standard","hentry","category-rio-de-janeiro-rj"],"_links":{"self":[{"href":"https:\/\/vagas.portalemprego.com.br\/index.php?rest_route=\/wp\/v2\/posts\/4285","targetHints":{"allow":["GET"]}}],"collection":[{"href":"https:\/\/vagas.portalemprego.com.br\/index.php?rest_route=\/wp\/v2\/posts"}],"about":[{"href":"https:\/\/vagas.portalemprego.com.br\/index.php?rest_route=\/wp\/v2\/types\/post"}],"author":[{"embeddable":true,"href":"https:\/\/vagas.portalemprego.com.br\/index.php?rest_route=\/wp\/v2\/users\/1"}],"replies":[{"embeddable":true,"href":"https:\/\/vagas.portalemprego.com.br\/index.php?rest_route=%2Fwp%2Fv2%2Fcomments&post=4285"}],"version-history":[{"count":0,"href":"https:\/\/vagas.portalemprego.com.br\/index.php?rest_route=\/wp\/v2\/posts\/4285\/revisions"}],"wp:attachment":[{"href":"https:\/\/vagas.portalemprego.com.br\/index.php?rest_route=%2Fwp%2Fv2%2Fmedia&parent=4285"}],"wp:term":[{"taxonomy":"category","embeddable":true,"href":"https:\/\/vagas.portalemprego.com.br\/index.php?rest_route=%2Fwp%2Fv2%2Fcategories&post=4285"},{"taxonomy":"post_tag","embeddable":true,"href":"https:\/\/vagas.portalemprego.com.br\/index.php?rest_route=%2Fwp%2Fv2%2Ftags&post=4285"}],"curies":[{"name":"wp","href":"https:\/\/api.w.org\/{rel}","templated":true}]}}