{"id":4286,"date":"2026-04-29T06:27:27","date_gmt":"2026-04-29T09:27:27","guid":{"rendered":"https:\/\/vagas.portalemprego.com.br\/?p=4286"},"modified":"2026-04-29T06:27:27","modified_gmt":"2026-04-29T09:27:27","slug":"auxiliar-de-vendas-com-experiencia-em-vendas-de-plano-de-saude-vila-da-penha-comercial-vendas-rio-de-janeiro","status":"publish","type":"post","link":"https:\/\/vagas.portalemprego.com.br\/?p=4286","title":{"rendered":"AUXILIAR DE VENDAS COM EXPERI\u00caNCIA EM VENDAS DE PLANO DE SA\u00daDE &#8211; VILA DA PENHA &#8211; Comercial, Vendas &#8211; Rio de Janeiro"},"content":{"rendered":"<p>Oportunidade para quem \u00e9 movido por vendas e resultados!<br \/>\nUma Corretora de Seguros em plena expans\u00e3o est\u00e1 em busca de profissionais que gostem de desafios, metas e tenham verdadeira paix\u00e3o por vendas. Se voc\u00ea se identifica com um ambiente din\u00e2mico, focado em resultados e crescimento profissional, essa pode ser a oportunidade certa para voc\u00ea!<br \/>\nConfira os pr\u00e9-requisitos e veja se essa vaga combina com voc\u00ea:<\/p>\n<p>-Morar no Munic\u00edpio do RJ.<br \/>\n-Ensino m\u00e9dio.<br \/>\n-Pacote Office.<br \/>\n-Experi\u00eancia comprovada em vendas de planos de sa\u00fade, seguro de vida e ramos elementares.<\/p>\n<p>ATRIBUI\u00c7\u00d5ES:<br \/>\n&#8211; Acompanhar e executar o suporte ao cliente.<br \/>\n&#8211; Prospectar e atender clientes.<br \/>\n&#8211; Apresentar propostas, realizar or\u00e7amentos e c\u00e1lculos at\u00e9 o fechamento da ap\u00f3lice.<br \/>\n&#8211; Interface com o cliente, cumprir metas, controle e atualiza\u00e7\u00e3o de rotinas operacionais, relacionamento com clientes e seguradoras.<br \/>\n&#8211; Atendimento interno e externo. PAP.<br \/>\n&#8211; Demais atividades pertinentes ao cargo<\/p>\n<p>BENEF\u00cdCIOS:<br \/>\n-Sal\u00e1rio compat\u00edvel com o mercado.<br \/>\n-Vale Transporte.<br \/>\n-Vale Refei\u00e7\u00e3o<br \/>\n&#8211; Seguro de vida <\/p>\n<p>-Regime CLT<br \/>\n-Jornada: Segunda a sexta<\/p>\n<ul>\n<li>Local de trabalho: Rio de Janeiro, RJ<\/li>\n<li>Regime de contrata\u00e7\u00e3o de tipo: Efetivo \u2013 CLT<\/li>\n<li>Jornada: Per\u00edodo Integral<\/li>\n<li>\u00c1rea e especializa\u00e7\u00e3o profissional: Comercial, Vendas &#8211; Representa\u00e7\u00e3o Comercial<\/li>\n<li>N\u00edvel hier\u00e1rquico: Operacional<\/li>\n<\/ul>\n<p>VALORIZADO<\/p>\n<p>Tempo de experi\u00eancia: Entre 1 e 3 anos<\/p>\n<p>HABILIDADES<\/p>\n<ul>\n<li>PAP<\/li>\n<li>persuas\u00e3o<\/li>\n<li>Microsoft Excel<\/li>\n<li>vendas<\/li>\n<\/ul>\n<p>Escolaridade M\u00ednima: Ensino M\u00e9dio (2\u00ba Grau)<\/p>\n<p>Forma\u00e7\u00e3o desejada:<\/p>\n<ul>\n<li>Ensino M\u00e9dio (2\u00ba Grau)<\/li>\n<\/ul>\n<ul>\n<li>Vale transporte<\/li>\n<li>Vale refei\u00e7\u00e3o<\/li>\n<li>Seguro de Vida<\/li>\n<\/ul>\n","protected":false},"excerpt":{"rendered":"<p>Oportunidade para quem \u00e9 movido por vendas e resultados! Uma Corretora de Seguros em plena expans\u00e3o est\u00e1 em busca de profissionais que gostem de desafios, metas e tenham verdadeira paix\u00e3o por vendas. Se voc\u00ea se identifica com um ambiente din\u00e2mico, focado em resultados e crescimento profissional, essa pode ser a oportunidade certa para voc\u00ea! Confira [&hellip;]<\/p>\n","protected":false},"author":1,"featured_media":0,"comment_status":"open","ping_status":"open","sticky":false,"template":"","format":"standard","meta":{"footnotes":""},"categories":[21],"tags":[],"class_list":["post-4286","post","type-post","status-publish","format-standard","hentry","category-rio-de-janeiro-rj"],"_links":{"self":[{"href":"https:\/\/vagas.portalemprego.com.br\/index.php?rest_route=\/wp\/v2\/posts\/4286","targetHints":{"allow":["GET"]}}],"collection":[{"href":"https:\/\/vagas.portalemprego.com.br\/index.php?rest_route=\/wp\/v2\/posts"}],"about":[{"href":"https:\/\/vagas.portalemprego.com.br\/index.php?rest_route=\/wp\/v2\/types\/post"}],"author":[{"embeddable":true,"href":"https:\/\/vagas.portalemprego.com.br\/index.php?rest_route=\/wp\/v2\/users\/1"}],"replies":[{"embeddable":true,"href":"https:\/\/vagas.portalemprego.com.br\/index.php?rest_route=%2Fwp%2Fv2%2Fcomments&post=4286"}],"version-history":[{"count":0,"href":"https:\/\/vagas.portalemprego.com.br\/index.php?rest_route=\/wp\/v2\/posts\/4286\/revisions"}],"wp:attachment":[{"href":"https:\/\/vagas.portalemprego.com.br\/index.php?rest_route=%2Fwp%2Fv2%2Fmedia&parent=4286"}],"wp:term":[{"taxonomy":"category","embeddable":true,"href":"https:\/\/vagas.portalemprego.com.br\/index.php?rest_route=%2Fwp%2Fv2%2Fcategories&post=4286"},{"taxonomy":"post_tag","embeddable":true,"href":"https:\/\/vagas.portalemprego.com.br\/index.php?rest_route=%2Fwp%2Fv2%2Ftags&post=4286"}],"curies":[{"name":"wp","href":"https:\/\/api.w.org\/{rel}","templated":true}]}}