{"id":4288,"date":"2026-04-29T06:28:28","date_gmt":"2026-04-29T09:28:28","guid":{"rendered":"https:\/\/vagas.portalemprego.com.br\/?p=4288"},"modified":"2026-04-29T06:28:28","modified_gmt":"2026-04-29T09:28:28","slug":"consultor-de-vendas-comercial-vendas-rio-de-janeiro-6","status":"publish","type":"post","link":"https:\/\/vagas.portalemprego.com.br\/?p=4288","title":{"rendered":"Consultor de Vendas &#8211; Comercial, Vendas &#8211; Rio de Janeiro"},"content":{"rendered":"<p>Randstad est\u00e1 apoiando um de seus clientes, empresa atuante na \u00e1rea de gest\u00e3o de benef\u00edcios, na busca de profissionais para atuarem como Consultor de Vendas no Rio de Janeiro &#8211; RJ:<br \/>\nAtividades:<br \/>\n\u00a0\u2022 Realizar prospec\u00e7\u00e3o ativa para expans\u00e3o da carteira de clientes.<br \/>\n\u2022 Manter e fortalecer o relacionamento com os clientes da base.<br \/>\n \u2022 Negociar condi\u00e7\u00f5es e formalizar contratos.<br \/>\n\u2022 Acompanhar indicadores de vendas e elaborar relat\u00f3rios peri\u00f3dicos.<br \/>\n\u2022 Comercializar planos de sa\u00fade (Ades\u00e3o e PME) para diversos segmentos profissionais.<br \/>\n\u2022 Elaborar propostas comerciais nos sistemas, garantindo precis\u00e3o e agilidade.<br \/>\nRequisitos:<br \/>\n\u2022 Ensino M\u00e9dio ou Superior cursando (prefer\u00eancia: t\u00e9cnico em vendas ou administra\u00e7\u00e3o).<br \/>\n\u2022 Viv\u00eancia no segmento do Varejo (shopping, ve\u00edculos, im\u00f3veis) ou servi\u00e7os (telefonia, consignado, seguros, cons\u00f3rcios)<br \/>\n\u2022 Pacote Office intermedi\u00e1rio<br \/>\nDiferencial: Experi\u00eancia no uso de CRM para gest\u00e3o do funil de vendas, an\u00e1lise de pipeline e tomada de decis\u00e3o orientada por dados.<br \/>\nModelo de trabalho: 100% presencial<br \/>\nEscala: segunda a sexta-feira, das 8h \u00e0s 17h36.<br \/>\nSal\u00e1rio: Pretens\u00e3o + vari\u00e1vel (30% a 45% dependendo do produto)<br \/>\nBenef\u00edcios:<br \/>\n&#8211; Assist\u00eancia m\u00e9dica sem mensalidade e com coparticipa\u00e7\u00e3o de 30% e dispon\u00edvel para dependente (100% mensalidade + copart) | dispon\u00edvel 90 dias ap\u00f3s a admiss\u00e3o.<br \/>\n&#8211; Assist\u00eancia odontol\u00f3gica (Amil)<br \/>\n&#8211; VR\/VA pago no cart\u00e3o da pluxee no valor de R$36,50 por dia;<br \/>\n&#8211; Zenklub\/ Gympass<br \/>\n&#8211; Seguro de vida<br \/>\n&#8211; Aux\u00edlio funeral (opcional)<\/p>\n<ul>\n<li>N\u00famero de vagas: 5<\/li>\n<li>Local de trabalho: Rio de Janeiro, RJ<\/li>\n<li>Regime de contrata\u00e7\u00e3o de tipo: Efetivo \u2013 CLT<\/li>\n<li>Jornada: Per\u00edodo Integral<\/li>\n<li>\u00c1rea e especializa\u00e7\u00e3o profissional: Comercial, Vendas &#8211; Venda Interna<\/li>\n<li>N\u00edvel hier\u00e1rquico: Consultor<\/li>\n<\/ul>\n<p>VALORIZADO<\/p>\n<p>Tempo de experi\u00eancia: Entre 3 e 5 anos<\/p>\n<p>Escolaridade M\u00ednima: Ensino M\u00e9dio (2\u00ba Grau)<\/p>\n<p>Forma\u00e7\u00e3o desejada:<\/p>\n<ul>\n<li>Administra\u00e7\u00e3o de empresas, Ensino Superior<\/li>\n<\/ul>\n<p>Sal\u00e1rio: 1750,0<\/p>\n","protected":false},"excerpt":{"rendered":"<p>Randstad est\u00e1 apoiando um de seus clientes, empresa atuante na \u00e1rea de gest\u00e3o de benef\u00edcios, na busca de profissionais para atuarem como Consultor de Vendas no Rio de Janeiro &#8211; RJ: Atividades: \u00a0\u2022 Realizar prospec\u00e7\u00e3o ativa para expans\u00e3o da carteira de clientes. \u2022 Manter e fortalecer o relacionamento com os clientes da base. \u2022 Negociar [&hellip;]<\/p>\n","protected":false},"author":1,"featured_media":0,"comment_status":"open","ping_status":"open","sticky":false,"template":"","format":"standard","meta":{"footnotes":""},"categories":[21],"tags":[],"class_list":["post-4288","post","type-post","status-publish","format-standard","hentry","category-rio-de-janeiro-rj"],"_links":{"self":[{"href":"https:\/\/vagas.portalemprego.com.br\/index.php?rest_route=\/wp\/v2\/posts\/4288","targetHints":{"allow":["GET"]}}],"collection":[{"href":"https:\/\/vagas.portalemprego.com.br\/index.php?rest_route=\/wp\/v2\/posts"}],"about":[{"href":"https:\/\/vagas.portalemprego.com.br\/index.php?rest_route=\/wp\/v2\/types\/post"}],"author":[{"embeddable":true,"href":"https:\/\/vagas.portalemprego.com.br\/index.php?rest_route=\/wp\/v2\/users\/1"}],"replies":[{"embeddable":true,"href":"https:\/\/vagas.portalemprego.com.br\/index.php?rest_route=%2Fwp%2Fv2%2Fcomments&post=4288"}],"version-history":[{"count":0,"href":"https:\/\/vagas.portalemprego.com.br\/index.php?rest_route=\/wp\/v2\/posts\/4288\/revisions"}],"wp:attachment":[{"href":"https:\/\/vagas.portalemprego.com.br\/index.php?rest_route=%2Fwp%2Fv2%2Fmedia&parent=4288"}],"wp:term":[{"taxonomy":"category","embeddable":true,"href":"https:\/\/vagas.portalemprego.com.br\/index.php?rest_route=%2Fwp%2Fv2%2Fcategories&post=4288"},{"taxonomy":"post_tag","embeddable":true,"href":"https:\/\/vagas.portalemprego.com.br\/index.php?rest_route=%2Fwp%2Fv2%2Ftags&post=4288"}],"curies":[{"name":"wp","href":"https:\/\/api.w.org\/{rel}","templated":true}]}}