{"id":429,"date":"2026-04-29T06:30:30","date_gmt":"2026-04-29T09:30:30","guid":{"rendered":"https:\/\/vagas.portalemprego.com.br\/?p=429"},"modified":"2026-04-29T06:30:30","modified_gmt":"2026-04-29T09:30:30","slug":"ajudante-de-servicos-de-limpeza-rio-de-janeiro-rj","status":"publish","type":"post","link":"https:\/\/vagas.portalemprego.com.br\/?p=429","title":{"rendered":"Ajudante de Servi\u00e7os de Limpeza &#8211; Rio de Janeiro, RJ"},"content":{"rendered":"<p>Descri\u00e7\u00e3o: <\/p>\n<p><p>Ir\u00e1 atuar nas seguintes atividades:<\/p>\n<ul>\n<li>Realizar limpeza de banheiros, escrit\u00f3rios, corredores, escadas e vesti\u00e1rios;<\/li>\n<li>Varre\u00e7\u00e3o de corredores, nas \u00e1reas internas e externas;<\/li>\n<li>Recolhimento do lixo da f\u00e1brica.<\/li>\n<\/ul>\n<p><\/p>\n<p>Atua\u00e7\u00e3o:<\/p>\n<ul>\n<li>Disponibilidade para atuar de segunda-feira a sexta-feira.<\/li>\n<li>Penha<\/li>\n<\/ul>\n<p><\/p>\n<p>Benef\u00edcios oferecidos:<\/p>\n<ul>\n<li>Plano de sa\u00fade para o funcion\u00e1rio com coparticipa\u00e7\u00e3o nas consultas e exames, extensivo para inclus\u00e3o dos filhos at\u00e9 17 anos e meio (com o custo da mensalidade e coparticipa\u00e7\u00e3o nas consultas e exames);<\/li>\n<li>Seguro de vida em grupo e assist\u00eancia funeral;<\/li>\n<li>Cesta b\u00e1sica;<\/li>\n<li>Refei\u00e7\u00e3o no local;<\/li>\n<li>PL (conforme programa que pode variar, de acordo com o que for acordado com o sindicato).<\/li>\n<\/ul>\n<p>Requisitos desejados: <\/p>\n<ul>\n<li>Ensino fundamental incompleto. <\/li>\n<li>Experi\u00eancia anterior nas atividades citadas.<\/li>\n<\/ul>\n","protected":false},"excerpt":{"rendered":"<p>Descri\u00e7\u00e3o: Ir\u00e1 atuar nas seguintes atividades: Realizar limpeza de banheiros, escrit\u00f3rios, corredores, escadas e vesti\u00e1rios; Varre\u00e7\u00e3o de corredores, nas \u00e1reas internas e externas; Recolhimento do lixo da f\u00e1brica. Atua\u00e7\u00e3o: Disponibilidade para atuar de segunda-feira a sexta-feira. Penha Benef\u00edcios oferecidos: Plano de sa\u00fade para o funcion\u00e1rio com coparticipa\u00e7\u00e3o nas consultas e exames, extensivo para inclus\u00e3o dos [&hellip;]<\/p>\n","protected":false},"author":1,"featured_media":0,"comment_status":"open","ping_status":"open","sticky":false,"template":"","format":"standard","meta":{"footnotes":""},"categories":[21],"tags":[],"class_list":["post-429","post","type-post","status-publish","format-standard","hentry","category-rio-de-janeiro-rj"],"_links":{"self":[{"href":"https:\/\/vagas.portalemprego.com.br\/index.php?rest_route=\/wp\/v2\/posts\/429","targetHints":{"allow":["GET"]}}],"collection":[{"href":"https:\/\/vagas.portalemprego.com.br\/index.php?rest_route=\/wp\/v2\/posts"}],"about":[{"href":"https:\/\/vagas.portalemprego.com.br\/index.php?rest_route=\/wp\/v2\/types\/post"}],"author":[{"embeddable":true,"href":"https:\/\/vagas.portalemprego.com.br\/index.php?rest_route=\/wp\/v2\/users\/1"}],"replies":[{"embeddable":true,"href":"https:\/\/vagas.portalemprego.com.br\/index.php?rest_route=%2Fwp%2Fv2%2Fcomments&post=429"}],"version-history":[{"count":0,"href":"https:\/\/vagas.portalemprego.com.br\/index.php?rest_route=\/wp\/v2\/posts\/429\/revisions"}],"wp:attachment":[{"href":"https:\/\/vagas.portalemprego.com.br\/index.php?rest_route=%2Fwp%2Fv2%2Fmedia&parent=429"}],"wp:term":[{"taxonomy":"category","embeddable":true,"href":"https:\/\/vagas.portalemprego.com.br\/index.php?rest_route=%2Fwp%2Fv2%2Fcategories&post=429"},{"taxonomy":"post_tag","embeddable":true,"href":"https:\/\/vagas.portalemprego.com.br\/index.php?rest_route=%2Fwp%2Fv2%2Ftags&post=429"}],"curies":[{"name":"wp","href":"https:\/\/api.w.org\/{rel}","templated":true}]}}