{"id":4298,"date":"2026-04-29T06:28:28","date_gmt":"2026-04-29T09:28:28","guid":{"rendered":"https:\/\/vagas.portalemprego.com.br\/?p=4298"},"modified":"2026-04-29T06:28:28","modified_gmt":"2026-04-29T09:28:28","slug":"gerente-de-manutencao-predial-engenharia-rio-de-janeiro","status":"publish","type":"post","link":"https:\/\/vagas.portalemprego.com.br\/?p=4298","title":{"rendered":"Gerente de Manuten\u00e7\u00e3o Predial &#8211; Engenharia &#8211; Rio de Janeiro"},"content":{"rendered":"<p>Estamos com uma oportunidade para a \u00e1rea de Manuten\u00e7\u00e3o Predial<br \/>\nAtuar como gestor garantindo planejamento, delega\u00e7\u00e3o eficiente, cumprimento de prazos, controle de fornecedores e lideran\u00e7a efetiva do time t\u00e9cnico.<\/p>\n<p>Principais responsabilidades:<br \/>\nGerenciar o time t\u00e9cnico (el\u00e9trica, mec\u00e2nica, civil e supervisores)<br \/>\nDelegar atividades, cobrar entregas e garantir cumprimento de prazos<br \/>\nPlanejar e priorizar demandas com base em criticidade do empreendimento<br \/>\nAtuar na gest\u00e3o de manuten\u00e7\u00e3o predial (civil, hidr\u00e1ulica, estrutural)<br \/>\nGarantir elabora\u00e7\u00e3o e valida\u00e7\u00e3o de escopos t\u00e9cnicos<br \/>\nControlar fornecedores, obras e servi\u00e7os contratados<br \/>\nImplementar e acompanhar sistemas de manuten\u00e7\u00e3o e ordens de servi\u00e7o<br \/>\nUtilizar Excel como ferramenta central de controle (planilhas, cronogramas, status report)<br \/>\nControlar atua\u00e7\u00e3o de supervisor de obras do locat\u00e1rio, garantindo alinhamento e evitando custos indevidos<br \/>\nTer postura firme de gest\u00e3o, sabendo dizer \u201cn\u00e3o\u201d quando necess\u00e1rio.<\/p>\n<p>Requisitos:<br \/>\nForma\u00e7\u00e3o em Engenharia Civil.<br \/>\nExperi\u00eancia em manuten\u00e7\u00e3o predial.<br \/>\nViv\u00eancia com gest\u00e3o de equipes t\u00e9cnicas<br \/>\nExcel avan\u00e7ado<br \/>\nExperi\u00eancia com planejamento de manuten\u00e7\u00e3o, obras ou projetos<\/p>\n<p>Sal\u00e1rio: \u00c1 combinar<br \/>\nHor\u00e1rio: Comercial<\/p>\n<ul>\n<li>Local de trabalho: Rio de Janeiro, RJ<\/li>\n<li>Regime de contrata\u00e7\u00e3o de tipo: Efetivo \u2013 CLT<\/li>\n<li>Jornada: Per\u00edodo Integral<\/li>\n<li>\u00c1rea e especializa\u00e7\u00e3o profissional: Engenharia &#8211; Engenharia Civil<\/li>\n<li>N\u00edvel hier\u00e1rquico: Gerente<\/li>\n<\/ul>\n<p>Escolaridade M\u00ednima: Ensino Superior<\/p>\n","protected":false},"excerpt":{"rendered":"<p>Estamos com uma oportunidade para a \u00e1rea de Manuten\u00e7\u00e3o Predial Atuar como gestor garantindo planejamento, delega\u00e7\u00e3o eficiente, cumprimento de prazos, controle de fornecedores e lideran\u00e7a efetiva do time t\u00e9cnico. Principais responsabilidades: Gerenciar o time t\u00e9cnico (el\u00e9trica, mec\u00e2nica, civil e supervisores) Delegar atividades, cobrar entregas e garantir cumprimento de prazos Planejar e priorizar demandas com base [&hellip;]<\/p>\n","protected":false},"author":1,"featured_media":0,"comment_status":"open","ping_status":"open","sticky":false,"template":"","format":"standard","meta":{"footnotes":""},"categories":[21],"tags":[],"class_list":["post-4298","post","type-post","status-publish","format-standard","hentry","category-rio-de-janeiro-rj"],"_links":{"self":[{"href":"https:\/\/vagas.portalemprego.com.br\/index.php?rest_route=\/wp\/v2\/posts\/4298","targetHints":{"allow":["GET"]}}],"collection":[{"href":"https:\/\/vagas.portalemprego.com.br\/index.php?rest_route=\/wp\/v2\/posts"}],"about":[{"href":"https:\/\/vagas.portalemprego.com.br\/index.php?rest_route=\/wp\/v2\/types\/post"}],"author":[{"embeddable":true,"href":"https:\/\/vagas.portalemprego.com.br\/index.php?rest_route=\/wp\/v2\/users\/1"}],"replies":[{"embeddable":true,"href":"https:\/\/vagas.portalemprego.com.br\/index.php?rest_route=%2Fwp%2Fv2%2Fcomments&post=4298"}],"version-history":[{"count":0,"href":"https:\/\/vagas.portalemprego.com.br\/index.php?rest_route=\/wp\/v2\/posts\/4298\/revisions"}],"wp:attachment":[{"href":"https:\/\/vagas.portalemprego.com.br\/index.php?rest_route=%2Fwp%2Fv2%2Fmedia&parent=4298"}],"wp:term":[{"taxonomy":"category","embeddable":true,"href":"https:\/\/vagas.portalemprego.com.br\/index.php?rest_route=%2Fwp%2Fv2%2Fcategories&post=4298"},{"taxonomy":"post_tag","embeddable":true,"href":"https:\/\/vagas.portalemprego.com.br\/index.php?rest_route=%2Fwp%2Fv2%2Ftags&post=4298"}],"curies":[{"name":"wp","href":"https:\/\/api.w.org\/{rel}","templated":true}]}}