{"id":4302,"date":"2026-04-29T06:28:28","date_gmt":"2026-04-29T09:28:28","guid":{"rendered":"https:\/\/vagas.portalemprego.com.br\/?p=4302"},"modified":"2026-04-29T06:28:28","modified_gmt":"2026-04-29T09:28:28","slug":"recepcionista-pcd-rio-de-janeiro-comercial-vendas-rio-de-janeiro","status":"publish","type":"post","link":"https:\/\/vagas.portalemprego.com.br\/?p=4302","title":{"rendered":"Recepcionista &#8211; PCD &#8211; Rio de Janeiro &#8211; Comercial, Vendas &#8211; Rio de Janeiro"},"content":{"rendered":"<p>Vagas exclusiva para Pessoas com Defici\u00eancia<\/p>\n<p>Responsabilidades:<br \/>\n\u2022 Atendimento ao cliente;<br \/>\n\u2022 Tour de visita;<br \/>\n\u2022 Vendas;<br \/>\n\u2022 Realiza\u00e7\u00e3o de cadastro e lan\u00e7amento financeiro no sistema;<br \/>\n\u2022 Utiliza\u00e7\u00e3o do sistema de relacionamento com o cliente;<br \/>\n\u2022 Telemarketing;<br \/>\n\u2022 Controle de acesso dos clientes.<\/p>\n<p>Requisitos necess\u00e1rios:<br \/>\n\u2022 Ensino m\u00e9dio completo;<br \/>\n\u2022 Boa comunica\u00e7\u00e3o e iniciativa.<\/p>\n<p>Benef\u00edcios:<br \/>\nVale Transporte;<br \/>\nVale Refei\u00e7\u00e3o ou Alimenta\u00e7\u00e3o &#8211; para vagas de 220hs mensais;<br \/>\nLivre acesso \u00e0 unidade Bodytech de origem;<br \/>\nAcesso ao App BTFIT;<br \/>\nAcesso ao BT College, plataforma exclusiva para colaboradores, onde disponibilizamos treinamentos em diversas \u00e1reas, parcerias com institui\u00e7\u00f5es de ensino, dentre outras parcerias;<br \/>\nPrograma de Apoio Psicol\u00f3gico;<br \/>\nConv\u00eanio com o SESC.<\/p>\n<p>Hor\u00e1rio:<br \/>\n14h \u00e1s 22h<br \/>\nSegunda \u00e1 Sexta<br \/>\nEscala 6&#215;1 <\/p>\n<p>Local: Bodytech Rio Sul &#8211; RJ<br \/>\nAvenida Lauro Sodr\u00e9, 01, Botafogo<br \/>\nRio de Janeiro, RJ<\/p>\n<ul>\n<li>Local de trabalho: Rio de Janeiro, RJ<\/li>\n<li>Regime de contrata\u00e7\u00e3o de tipo: Efetivo \u2013 CLT<\/li>\n<li>Jornada: Per\u00edodo Integral<\/li>\n<li>\u00c1rea e especializa\u00e7\u00e3o profissional: Comercial, Vendas &#8211; Atendimento<\/li>\n<li>N\u00edvel hier\u00e1rquico: Operacional<\/li>\n<\/ul>\n<p>Escolaridade M\u00ednima: Ensino M\u00e9dio (2\u00ba Grau)<\/p>\n","protected":false},"excerpt":{"rendered":"<p>Vagas exclusiva para Pessoas com Defici\u00eancia Responsabilidades: \u2022 Atendimento ao cliente; \u2022 Tour de visita; \u2022 Vendas; \u2022 Realiza\u00e7\u00e3o de cadastro e lan\u00e7amento financeiro no sistema; \u2022 Utiliza\u00e7\u00e3o do sistema de relacionamento com o cliente; \u2022 Telemarketing; \u2022 Controle de acesso dos clientes. Requisitos necess\u00e1rios: \u2022 Ensino m\u00e9dio completo; \u2022 Boa comunica\u00e7\u00e3o e iniciativa. Benef\u00edcios: [&hellip;]<\/p>\n","protected":false},"author":1,"featured_media":0,"comment_status":"open","ping_status":"open","sticky":false,"template":"","format":"standard","meta":{"footnotes":""},"categories":[21],"tags":[],"class_list":["post-4302","post","type-post","status-publish","format-standard","hentry","category-rio-de-janeiro-rj"],"_links":{"self":[{"href":"https:\/\/vagas.portalemprego.com.br\/index.php?rest_route=\/wp\/v2\/posts\/4302","targetHints":{"allow":["GET"]}}],"collection":[{"href":"https:\/\/vagas.portalemprego.com.br\/index.php?rest_route=\/wp\/v2\/posts"}],"about":[{"href":"https:\/\/vagas.portalemprego.com.br\/index.php?rest_route=\/wp\/v2\/types\/post"}],"author":[{"embeddable":true,"href":"https:\/\/vagas.portalemprego.com.br\/index.php?rest_route=\/wp\/v2\/users\/1"}],"replies":[{"embeddable":true,"href":"https:\/\/vagas.portalemprego.com.br\/index.php?rest_route=%2Fwp%2Fv2%2Fcomments&post=4302"}],"version-history":[{"count":0,"href":"https:\/\/vagas.portalemprego.com.br\/index.php?rest_route=\/wp\/v2\/posts\/4302\/revisions"}],"wp:attachment":[{"href":"https:\/\/vagas.portalemprego.com.br\/index.php?rest_route=%2Fwp%2Fv2%2Fmedia&parent=4302"}],"wp:term":[{"taxonomy":"category","embeddable":true,"href":"https:\/\/vagas.portalemprego.com.br\/index.php?rest_route=%2Fwp%2Fv2%2Fcategories&post=4302"},{"taxonomy":"post_tag","embeddable":true,"href":"https:\/\/vagas.portalemprego.com.br\/index.php?rest_route=%2Fwp%2Fv2%2Ftags&post=4302"}],"curies":[{"name":"wp","href":"https:\/\/api.w.org\/{rel}","templated":true}]}}