{"id":4306,"date":"2026-04-29T06:28:28","date_gmt":"2026-04-29T09:28:28","guid":{"rendered":"https:\/\/vagas.portalemprego.com.br\/?p=4306"},"modified":"2026-04-29T06:28:28","modified_gmt":"2026-04-29T09:28:28","slug":"supervisora-de-vendas-volta-redonda-rj-comercial-vendas-volta-redonda","status":"publish","type":"post","link":"https:\/\/vagas.portalemprego.com.br\/?p=4306","title":{"rendered":"Supervisor(a) de Vendas &#8211; Volta Redonda\/RJ &#8211; Comercial, Vendas &#8211; Volta Redonda"},"content":{"rendered":"<p>Voc\u00ea far\u00e1 parte do time de Supervisores de Vendas da loja da Bem Promotora.<br \/>\nNesta vaga voc\u00ea ser\u00e1 respons\u00e1vel por:<br \/>\n*Administrar os recursos humanos, cumprindo ou fazendo cumprir as pol\u00edticas e procedimentos estabelecidos.<br \/>\n*Desenvolver a\u00e7\u00f5es para cumprir as metas estabelecidas para a \u00e1rea.<br \/>\n*Indicar necessidades de mudan\u00e7as nos processos organizacionais sob seu controle, propondo a\u00e7\u00f5es de melhoria.<br \/>\n*Administrar os processos sob sua responsabilidade, objetivando o cumprimento das metas da equipe, gerindo pessoas, motivando a equipe e analisando indicadores de produtividade.<br \/>\n*Buscar sua constante atualiza\u00e7\u00e3o profissional, assim como fomentar nas pessoas sob sua responsabilidade, em fun\u00e7\u00e3o da agilidade e competitividade exigidas pelo contexto organizacional.<br \/>\n*Participar das a\u00e7\u00f5es de sele\u00e7\u00e3o, acolhimento, treinamento e desenvolvimento de colaboradores diretos.<br \/>\n*Realizar os cursos obrigat\u00f3rios exigidos para a fun\u00e7\u00e3o, conforme trilha de desenvolvimento.<br \/>\n*Atentar \u00e0 satisfa\u00e7\u00e3o do cliente, estabelecendo uma rela\u00e7\u00e3o de cordialidade e presteza.<br \/>\n*Observar e orientar o atendimento ao cliente dos consultores sob sua gest\u00e3o, garantindo qualidade no atendimento e corre\u00e7\u00e3o de atitudes caso necess\u00e1rio.<br \/>\n*Certificar-se de que as Pol\u00edticas, Procedimentos Operacionais, Padr\u00e3o Comercial e Comunicados sejam conhecidos e entendidos por todos.<br \/>\n*Coordenar as atividades realizadas pela equipe, garantindo a qualidade do trabalho e a expans\u00e3o dos neg\u00f3cios.<br \/>\n*Garantir a efic\u00e1cia do processo de venda a clientes, analisando e verificando seus status junto aos setores respons\u00e1veis.<br \/>\n*Controlar as despesas administrativas, acompanhando os valores realizados em rela\u00e7\u00e3o aos or\u00e7ados.<br \/>\n*Recepcionar clientes, identificando sua real necessidade e verificando o produto mais adequado para seu atendimento. Tamb\u00e9m simular situa\u00e7\u00f5es de financiamentos para clientes, em fun\u00e7\u00e3o de suas expectativas e disponibilidade de recursos.<br \/>\n*Expor os produtos da empresa a clientes, evidenciando suas vantagens competitivas e condi\u00e7\u00f5es gerais de comercializa\u00e7\u00e3o.<br \/>\n*Manter-se atualizado em rela\u00e7\u00e3o \u00e0s a\u00e7\u00f5es ou pr\u00e1ticas do mercado local, al\u00e9m de realizar capacita\u00e7\u00f5es oferecidas pela empresa.<br \/>\n*Organizar a\u00e7\u00f5es de marketing externo, bem como fazer visitas a \u00f3rg\u00e3os p\u00fablicos e a locais estrat\u00e9gicos, conforme orienta\u00e7\u00f5es da \u00c1rea Comercial;<br \/>\n*Cultivar rela\u00e7\u00e3o de parceria com o Gerente Regional, mantendo-o atualizado referente a sua equipe, a fim de buscar suporte para melhorias e orienta\u00e7\u00f5es necess\u00e1rias.<br \/>\n*Zelar pelo ambiente de trabalho, mantendo a organiza\u00e7\u00e3o, limpeza e estrutura adequadas.<br \/>\nPara isso, \u00e9 importante:<br \/>\n*Ter conclu\u00eddo Ensino Superior;<br \/>\n*Experi\u00eancia de 1 a 3 anos em processos comerciais financeiros e de, no m\u00ednimo, 2 anos em gest\u00e3o de pessoas e de processos.<br \/>\n*Experi\u00eancia em vendas e\/ou telemarketing ativo;<br \/>\nBenef\u00edcios\u00a0de\u00a0trabalhar\u00a0na\u00a0Bem\u00a0Promotora:<br \/>\n*\u00a0Day\u00a0off\u00a0de\u00a0anivers\u00e1rio.<br \/>\n*\u00a0Se\u00a0desenvolver\u00a0com\u00a0o\u00a0nosso\u00a0Programa\u00a0de\u00a0Educa\u00e7\u00e3o\u00a0Corporativa\u00a0Trilhar.<br \/>\n*\u00a0Participar\u00a0das\u00a0nossas\u00a0comemora\u00e7\u00f5es,\u00a0que\u00a0s\u00e3o\u00a0muitas!\u00a0A\u00a0gente\u00a0ama\u00a0celebrar!<br \/>\n*\u00a0Ser\u00a0quem\u00a0voc\u00ea\u00a0\u00e9!\u00a0Aqui\u00a0na\u00a0Bem\u00a0valorizamos\u00a0a\u00a0diversidade\u00a0e\u00a0acreditamos\u00a0que\u00a0com\u00a0ela\u00a0somos\u00a0mais\u00a0fortes!<\/p>\n<ul>\n<li>Local de trabalho: Volta Redonda, RJ<\/li>\n<li>Regime de contrata\u00e7\u00e3o de tipo: Efetivo \u2013 CLT<\/li>\n<li>Jornada: Per\u00edodo Integral<\/li>\n<li>\u00c1rea e especializa\u00e7\u00e3o profissional: Comercial, Vendas &#8211; Venda Interna<\/li>\n<li>N\u00edvel hier\u00e1rquico: Supervisor<\/li>\n<\/ul>\n<p>HABILIDADES<\/p>\n<ul>\n<li>Empr\u00e9stimo<\/li>\n<li>Vendas<\/li>\n<li>Servi\u00e7os Financeiros<\/li>\n<li>Consignado<\/li>\n<li>Telemarketing<\/li>\n<li>Seguro<\/li>\n<\/ul>\n<p>Escolaridade M\u00ednima: Ensino Superior<\/p>\n<ul>\n<li>Vale transporte<\/li>\n<li>Plano de Sa\u00fade<\/li>\n<li>Plano Odontol\u00f3gico<\/li>\n<li>Vale Alimenta\u00e7\u00e3o<\/li>\n<li>Vale Refei\u00e7\u00e3o<\/li>\n<\/ul>\n","protected":false},"excerpt":{"rendered":"<p>Voc\u00ea far\u00e1 parte do time de Supervisores de Vendas da loja da Bem Promotora. Nesta vaga voc\u00ea ser\u00e1 respons\u00e1vel por: *Administrar os recursos humanos, cumprindo ou fazendo cumprir as pol\u00edticas e procedimentos estabelecidos. *Desenvolver a\u00e7\u00f5es para cumprir as metas estabelecidas para a \u00e1rea. *Indicar necessidades de mudan\u00e7as nos processos organizacionais sob seu controle, propondo a\u00e7\u00f5es [&hellip;]<\/p>\n","protected":false},"author":1,"featured_media":0,"comment_status":"open","ping_status":"open","sticky":false,"template":"","format":"standard","meta":{"footnotes":""},"categories":[21],"tags":[],"class_list":["post-4306","post","type-post","status-publish","format-standard","hentry","category-rio-de-janeiro-rj"],"_links":{"self":[{"href":"https:\/\/vagas.portalemprego.com.br\/index.php?rest_route=\/wp\/v2\/posts\/4306","targetHints":{"allow":["GET"]}}],"collection":[{"href":"https:\/\/vagas.portalemprego.com.br\/index.php?rest_route=\/wp\/v2\/posts"}],"about":[{"href":"https:\/\/vagas.portalemprego.com.br\/index.php?rest_route=\/wp\/v2\/types\/post"}],"author":[{"embeddable":true,"href":"https:\/\/vagas.portalemprego.com.br\/index.php?rest_route=\/wp\/v2\/users\/1"}],"replies":[{"embeddable":true,"href":"https:\/\/vagas.portalemprego.com.br\/index.php?rest_route=%2Fwp%2Fv2%2Fcomments&post=4306"}],"version-history":[{"count":0,"href":"https:\/\/vagas.portalemprego.com.br\/index.php?rest_route=\/wp\/v2\/posts\/4306\/revisions"}],"wp:attachment":[{"href":"https:\/\/vagas.portalemprego.com.br\/index.php?rest_route=%2Fwp%2Fv2%2Fmedia&parent=4306"}],"wp:term":[{"taxonomy":"category","embeddable":true,"href":"https:\/\/vagas.portalemprego.com.br\/index.php?rest_route=%2Fwp%2Fv2%2Fcategories&post=4306"},{"taxonomy":"post_tag","embeddable":true,"href":"https:\/\/vagas.portalemprego.com.br\/index.php?rest_route=%2Fwp%2Fv2%2Ftags&post=4306"}],"curies":[{"name":"wp","href":"https:\/\/api.w.org\/{rel}","templated":true}]}}