{"id":4309,"date":"2026-04-29T06:28:28","date_gmt":"2026-04-29T09:28:28","guid":{"rendered":"https:\/\/vagas.portalemprego.com.br\/?p=4309"},"modified":"2026-04-29T06:28:28","modified_gmt":"2026-04-29T09:28:28","slug":"atendente-ragazzo-express-campo-grande-rj-alimentacao-gastronomia-rio-de-janeiro","status":"publish","type":"post","link":"https:\/\/vagas.portalemprego.com.br\/?p=4309","title":{"rendered":"*Atendente Ragazzo Express &#8211; Campo Grande &#8211; RJ &#8211; Alimenta\u00e7\u00e3o \/ Gastronomia &#8211; Rio de Janeiro"},"content":{"rendered":"<p>Prazer, somos o maior grupo de food service genuinamente brasileiro.<br \/>\nNos conectamos com as pessoas por meio das comidas e hist\u00f3rias vividas \u00e0 mesa. H\u00e1 mais de 40 anos, levamos sabor e qualidade a pre\u00e7os realmente acess\u00edveis, sempre com foco em inovar e expandir a nossa atua\u00e7\u00e3o no mercado.<br \/>\nVoc\u00ea manda bem no atendimento, \u00e9 \u00e1gil, atento(a) e t\u00e1 afim de crescer?<\/p>\n<p>Ent\u00e3o vem com a gente!!<\/p>\n<p>O que voc\u00ea vai fazer:<\/p>\n<p>Atender com agilidade e simpatia<br \/>\nManter as mesas limpas e organizadas ap\u00f3s cada atendimento<br \/>\nGarantir a melhor experi\u00eancia de atendimento e consumo ao cliente<\/p>\n<p>O que voc\u00ea precisa ter:<\/p>\n<p>Ensino M\u00e9dio Cursando<br \/>\nDisponibilidade de hor\u00e1rios<br \/>\nVontade de aprender (n\u00e3o \u00e9 necess\u00e1rio experi\u00eancia)<\/p>\n<p>Ganhos:<\/p>\n<p>Piso garantido + Premia\u00e7\u00e3o por Resultado + Taxa de Servi\u00e7o (ganhos reais!)<br \/>\nVale Transporte + Refei\u00e7\u00e3o no local<br \/>\nOportunidades reais de crescimento<\/p>\n<p>Ser\u00e1 respons\u00e1vel pelo atendimento ao cliente, preparo de lanches e limpeza da loja.<\/p>\n<p>Necess\u00e1rio morar perto ou de f\u00e1cil acesso.<\/p>\n<p>Disponibilidade para o turno da noite e escala 6&#215;1.<\/p>\n<p>Sal\u00e1rio + Participa\u00e7\u00e3o no Resultado<\/p>\n<p>Oportunidade de crescimento<\/p>\n<p>In\u00edcio imediato (CLT)<\/p>\n<ul>\n<li>Local de trabalho: Rio de Janeiro, RJ<\/li>\n<li>Regime de contrata\u00e7\u00e3o de tipo: Efetivo \u2013 CLT<\/li>\n<li>Jornada: Per\u00edodo Integral<\/li>\n<li>\u00c1rea e especializa\u00e7\u00e3o profissional: Alimenta\u00e7\u00e3o \/ Gastronomia &#8211; Lanchonete, Fast Food, Cafeteria<\/li>\n<li>N\u00edvel hier\u00e1rquico: Operacional<\/li>\n<\/ul>\n<p>VALORIZADO<\/p>\n<p>Tempo de experi\u00eancia: Sem experi\u00eancia<\/p>\n<p>Escolaridade M\u00ednima: Ensino M\u00e9dio (2\u00ba Grau)<\/p>\n<ul>\n<li>Refei\u00e7\u00e3o no local<\/li>\n<li>Vale-transporte<\/li>\n<\/ul>\n","protected":false},"excerpt":{"rendered":"<p>Prazer, somos o maior grupo de food service genuinamente brasileiro. Nos conectamos com as pessoas por meio das comidas e hist\u00f3rias vividas \u00e0 mesa. H\u00e1 mais de 40 anos, levamos sabor e qualidade a pre\u00e7os realmente acess\u00edveis, sempre com foco em inovar e expandir a nossa atua\u00e7\u00e3o no mercado. Voc\u00ea manda bem no atendimento, \u00e9 [&hellip;]<\/p>\n","protected":false},"author":1,"featured_media":0,"comment_status":"open","ping_status":"open","sticky":false,"template":"","format":"standard","meta":{"footnotes":""},"categories":[21],"tags":[],"class_list":["post-4309","post","type-post","status-publish","format-standard","hentry","category-rio-de-janeiro-rj"],"_links":{"self":[{"href":"https:\/\/vagas.portalemprego.com.br\/index.php?rest_route=\/wp\/v2\/posts\/4309","targetHints":{"allow":["GET"]}}],"collection":[{"href":"https:\/\/vagas.portalemprego.com.br\/index.php?rest_route=\/wp\/v2\/posts"}],"about":[{"href":"https:\/\/vagas.portalemprego.com.br\/index.php?rest_route=\/wp\/v2\/types\/post"}],"author":[{"embeddable":true,"href":"https:\/\/vagas.portalemprego.com.br\/index.php?rest_route=\/wp\/v2\/users\/1"}],"replies":[{"embeddable":true,"href":"https:\/\/vagas.portalemprego.com.br\/index.php?rest_route=%2Fwp%2Fv2%2Fcomments&post=4309"}],"version-history":[{"count":0,"href":"https:\/\/vagas.portalemprego.com.br\/index.php?rest_route=\/wp\/v2\/posts\/4309\/revisions"}],"wp:attachment":[{"href":"https:\/\/vagas.portalemprego.com.br\/index.php?rest_route=%2Fwp%2Fv2%2Fmedia&parent=4309"}],"wp:term":[{"taxonomy":"category","embeddable":true,"href":"https:\/\/vagas.portalemprego.com.br\/index.php?rest_route=%2Fwp%2Fv2%2Fcategories&post=4309"},{"taxonomy":"post_tag","embeddable":true,"href":"https:\/\/vagas.portalemprego.com.br\/index.php?rest_route=%2Fwp%2Fv2%2Ftags&post=4309"}],"curies":[{"name":"wp","href":"https:\/\/api.w.org\/{rel}","templated":true}]}}