{"id":4310,"date":"2026-04-29T06:28:28","date_gmt":"2026-04-29T09:28:28","guid":{"rendered":"https:\/\/vagas.portalemprego.com.br\/?p=4310"},"modified":"2026-04-29T06:28:28","modified_gmt":"2026-04-29T09:28:28","slug":"tecnico-em-cabeamento-estruturado-informatica-ti-telecomunicacoes-rio-de-janeiro","status":"publish","type":"post","link":"https:\/\/vagas.portalemprego.com.br\/?p=4310","title":{"rendered":"T\u00c9CNICO EM CABEAMENTO ESTRUTURADO &#8211; Inform\u00e1tica, TI, Telecomunica\u00e7\u00f5es &#8211; Rio de Janeiro"},"content":{"rendered":"<p>Atividades:<br \/>\nExecu\u00e7\u00e3o de cabeamento estruturado e cabeamento de rede;<br \/>\nPassagem, organiza\u00e7\u00e3o e identifica\u00e7\u00e3o de cabos de rede conforme padr\u00e3o t\u00e9cnico;<br \/>\nInstala\u00e7\u00e3o e organiza\u00e7\u00e3o de racks, patch panels e demais componentes de rede;<br \/>\nCrimpagem de cabos e conectores, garantindo padr\u00e3o e qualidade;<br \/>\nCertifica\u00e7\u00e3o e testes de pontos de rede, identificando e corrigindo eventuais falhas;<br \/>\nApoio na organiza\u00e7\u00e3o de materiais, ferramentas e equipamentos utilizados nas atividades.<br \/>\nRequisitos:<br \/>\nConhecimento em cabeamento estruturado e redes;<br \/>\nExperi\u00eancia ou viv\u00eancia em instala\u00e7\u00e3o de redes de dados;<br \/>\nNo\u00e7\u00f5es de crimpagem, testes e certifica\u00e7\u00e3o de pontos de rede;<br \/>\nCapacidade de seguir orienta\u00e7\u00f5es t\u00e9cnicas e padr\u00f5es de instala\u00e7\u00e3o;<br \/>\nResponsabilidade, organiza\u00e7\u00e3o e comprometimento.<br \/>\nSal\u00e1rio: negociar<br \/>\nHor\u00e1rio:<br \/>\nSegunda a quinta-feira: 08:00 \u00e0s 18:00<br \/>\nSexta-feira: 08:00 \u00e0s 17:00<br \/>\nBenef\u00edcios:<br \/>\nVale Alimenta\u00e7\u00e3o<br \/>\nVale Transporte<br \/>\nSeguro de vida<br \/>\nPlano odontol\u00f3gico ap\u00f3s a experi\u00eancia<br \/>\nRegime: CLT<br \/>\n?? Local de trabalho: Rio de Janeiro\/RJ<\/p>\n<ul>\n<li>Local de trabalho: Rio de Janeiro, RJ<\/li>\n<li>Regime de contrata\u00e7\u00e3o de tipo: Efetivo \u2013 CLT<\/li>\n<li>Jornada: Per\u00edodo Integral<\/li>\n<li>\u00c1rea e especializa\u00e7\u00e3o profissional: Inform\u00e1tica, TI, Telecomunica\u00e7\u00f5es &#8211; Telecomunica\u00e7\u00f5es<\/li>\n<li>N\u00edvel hier\u00e1rquico: Operacional<\/li>\n<\/ul>\n<p>VALORIZADO<\/p>\n<p>Tempo de experi\u00eancia: Entre 1 e 3 anos<\/p>\n<p>Escolaridade M\u00ednima: Ensino Fundamental (1\u00ba grau)<\/p>\n","protected":false},"excerpt":{"rendered":"<p>Atividades: Execu\u00e7\u00e3o de cabeamento estruturado e cabeamento de rede; Passagem, organiza\u00e7\u00e3o e identifica\u00e7\u00e3o de cabos de rede conforme padr\u00e3o t\u00e9cnico; Instala\u00e7\u00e3o e organiza\u00e7\u00e3o de racks, patch panels e demais componentes de rede; Crimpagem de cabos e conectores, garantindo padr\u00e3o e qualidade; Certifica\u00e7\u00e3o e testes de pontos de rede, identificando e corrigindo eventuais falhas; Apoio na [&hellip;]<\/p>\n","protected":false},"author":1,"featured_media":0,"comment_status":"open","ping_status":"open","sticky":false,"template":"","format":"standard","meta":{"footnotes":""},"categories":[21],"tags":[],"class_list":["post-4310","post","type-post","status-publish","format-standard","hentry","category-rio-de-janeiro-rj"],"_links":{"self":[{"href":"https:\/\/vagas.portalemprego.com.br\/index.php?rest_route=\/wp\/v2\/posts\/4310","targetHints":{"allow":["GET"]}}],"collection":[{"href":"https:\/\/vagas.portalemprego.com.br\/index.php?rest_route=\/wp\/v2\/posts"}],"about":[{"href":"https:\/\/vagas.portalemprego.com.br\/index.php?rest_route=\/wp\/v2\/types\/post"}],"author":[{"embeddable":true,"href":"https:\/\/vagas.portalemprego.com.br\/index.php?rest_route=\/wp\/v2\/users\/1"}],"replies":[{"embeddable":true,"href":"https:\/\/vagas.portalemprego.com.br\/index.php?rest_route=%2Fwp%2Fv2%2Fcomments&post=4310"}],"version-history":[{"count":0,"href":"https:\/\/vagas.portalemprego.com.br\/index.php?rest_route=\/wp\/v2\/posts\/4310\/revisions"}],"wp:attachment":[{"href":"https:\/\/vagas.portalemprego.com.br\/index.php?rest_route=%2Fwp%2Fv2%2Fmedia&parent=4310"}],"wp:term":[{"taxonomy":"category","embeddable":true,"href":"https:\/\/vagas.portalemprego.com.br\/index.php?rest_route=%2Fwp%2Fv2%2Fcategories&post=4310"},{"taxonomy":"post_tag","embeddable":true,"href":"https:\/\/vagas.portalemprego.com.br\/index.php?rest_route=%2Fwp%2Fv2%2Ftags&post=4310"}],"curies":[{"name":"wp","href":"https:\/\/api.w.org\/{rel}","templated":true}]}}