{"id":4312,"date":"2026-04-29T06:28:28","date_gmt":"2026-04-29T09:28:28","guid":{"rendered":"https:\/\/vagas.portalemprego.com.br\/?p=4312"},"modified":"2026-04-29T06:28:28","modified_gmt":"2026-04-29T09:28:28","slug":"analista-financeiro-foco-em-operacoes-e-erp-omie-contabil-financas-economia-rio-de-janeiro","status":"publish","type":"post","link":"https:\/\/vagas.portalemprego.com.br\/?p=4312","title":{"rendered":"ANALISTA FINANCEIRO (Foco em Opera\u00e7\u00f5es e ERP Omie) &#8211; Cont\u00e1bil, Finan\u00e7as, Economia &#8211; Rio de Janeiro"},"content":{"rendered":"<p>Estamos em busca de um Analista Financeiro\u00a0detalhista e estrat\u00e9gico para integrar nosso time. Se voc\u00ea possui um olhar cr\u00edtico sobre processos, domina a rotina de contas a pagar e receber, tem agilidade no sistema Omie, essa vaga \u00e9 para voc\u00ea.<br \/>\nDesafio do Cargo<br \/>\nO profissional ser\u00e1 o guardi\u00e3o do fluxo de caixa, garantindo que as opera\u00e7\u00f5es de Contas a Pagar e Receber\u00a0funcionem com precis\u00e3o cir\u00fargica. Al\u00e9m da rotina operacional, esperamos uma atua\u00e7\u00e3o anal\u00edtica voltada para a melhoria de processos e suporte \u00e0 tomada de decis\u00e3o.<br \/>\n\u00a0<br \/>\nPrincipais Responsabilidades<br \/>\nGest\u00e3o de Tesouraria:\u00a0Controle rigoroso de Contas a Pagar e a Receber, assegurando pontualidade e integridade das baixas.<br \/>\nConcilia\u00e7\u00e3o e Fluxo:\u00a0Realizar concilia\u00e7\u00f5es banc\u00e1rias di\u00e1rias e an\u00e1lise de fluxo de caixa, identificando gargalos e oportunidades de otimiza\u00e7\u00e3o.<br \/>\nIntelig\u00eancia Financeira:\u00a0Elaborar relat\u00f3rios gerenciais, proje\u00e7\u00f5es de resultados e acompanhamento de indicadores (KPIs).<br \/>\nInterface Cont\u00e1bil\/Fiscal:\u00a0Organiza\u00e7\u00e3o de documentos para a contabilidade e suporte no planejamento or\u00e7ament\u00e1rio.<br \/>\nMelhoria Cont\u00ednua:\u00a0Propor e implementar a\u00e7\u00f5es para aumentar a efici\u00eancia operacional e redu\u00e7\u00e3o de custos.<br \/>\nRequisitos T\u00e9cnicos e Perfil<br \/>\nForma\u00e7\u00e3o: Gradua\u00e7\u00e3o completa Finan\u00e7a, Admistra\u00e7\u00e3o, contabilidade ou \u00e1reas correlatas (P\u00f3s-gradua\u00e7\u00e3o ser\u00e1 um diferencial).<br \/>\nSistema Omie (Mandat\u00f3rio):\u00a0Experi\u00eancia pr\u00e1tica no ERP Omie. Haver\u00e1 teste t\u00e9cnico de profici\u00eancia no sistema.<br \/>\nExperi\u00eancia:\u00a0S\u00f3lida viv\u00eancia em rotinas de Contas a Pagar, Receber e Concilia\u00e7\u00e3o.<br \/>\nExcel &amp; BI:\u00a0Dom\u00ednio avan\u00e7ado de Excel e experi\u00eancia com Power BI para gera\u00e7\u00e3o de dashboards.<br \/>\nConhecimento de Sistemas:\u00a0Experi\u00eancia com Sistema Dom\u00ednio ser\u00e1 considerada um diferencial.<br \/>\nSoft Skills:\u00a0Organiza\u00e7\u00e3o extrema, comunica\u00e7\u00e3o assertiva e proatividade para sugerir melhorias.<\/p>\n<ul>\n<li>Local de trabalho: Rio de Janeiro, RJ<\/li>\n<li>Regime de contrata\u00e7\u00e3o de tipo: Efetivo \u2013 CLT<\/li>\n<li>Jornada: Per\u00edodo Integral<\/li>\n<li>\u00c1rea e especializa\u00e7\u00e3o profissional: Cont\u00e1bil, Finan\u00e7as, Economia &#8211; Contas a Pagar e Receber<\/li>\n<li>N\u00edvel hier\u00e1rquico: Analista<\/li>\n<\/ul>\n<p>VALORIZADO<\/p>\n<p>Tempo de experi\u00eancia: Entre 3 e 5 anos<\/p>\n<p>HABILIDADES<\/p>\n<ul>\n<li>Organiza\u00e7\u00e3o extrema, comunica\u00e7\u00e3o assertiva e proatividade para sugerir melhorias<\/li>\n<li>Experi\u00eancia com Sistema Dom\u00ednio ser\u00e1 considerada um diferencial<\/li>\n<li>Dom\u00ednio avan\u00e7ado de Excel e experi\u00eancia com Power BI para gera\u00e7\u00e3o de dashboards.<\/li>\n<li>Conhecimento em Sistema Omie (Mandat\u00f3rio): Experi\u00eancia pr\u00e1tica no ERP Omie. Haver\u00e1 teste t\u00e9cnico de profici\u00eancia no sistema.<\/li>\n<li>S\u00f3lida viv\u00eancia em rotinas de Contas a Pagar<\/li>\n<li>S\u00f3lida viv\u00eancia em concilia\u00e7\u00e3o<\/li>\n<\/ul>\n<p>Escolaridade M\u00ednima: Ensino Superior<\/p>\n<p>Forma\u00e7\u00e3o desejada:<\/p>\n<ul>\n<li>Economia, Ensino Superior<\/li>\n<li>Administra\u00e7\u00e3o de empresas, Ensino Superior<\/li>\n<li>Ci\u00eancias cont\u00e1beis, Ensino Superior<\/li>\n<\/ul>\n<p>Sal\u00e1rio: 4500,0<\/p>\n","protected":false},"excerpt":{"rendered":"<p>Estamos em busca de um Analista Financeiro\u00a0detalhista e estrat\u00e9gico para integrar nosso time. Se voc\u00ea possui um olhar cr\u00edtico sobre processos, domina a rotina de contas a pagar e receber, tem agilidade no sistema Omie, essa vaga \u00e9 para voc\u00ea. Desafio do Cargo O profissional ser\u00e1 o guardi\u00e3o do fluxo de caixa, garantindo que as [&hellip;]<\/p>\n","protected":false},"author":1,"featured_media":0,"comment_status":"open","ping_status":"open","sticky":false,"template":"","format":"standard","meta":{"footnotes":""},"categories":[21],"tags":[],"class_list":["post-4312","post","type-post","status-publish","format-standard","hentry","category-rio-de-janeiro-rj"],"_links":{"self":[{"href":"https:\/\/vagas.portalemprego.com.br\/index.php?rest_route=\/wp\/v2\/posts\/4312","targetHints":{"allow":["GET"]}}],"collection":[{"href":"https:\/\/vagas.portalemprego.com.br\/index.php?rest_route=\/wp\/v2\/posts"}],"about":[{"href":"https:\/\/vagas.portalemprego.com.br\/index.php?rest_route=\/wp\/v2\/types\/post"}],"author":[{"embeddable":true,"href":"https:\/\/vagas.portalemprego.com.br\/index.php?rest_route=\/wp\/v2\/users\/1"}],"replies":[{"embeddable":true,"href":"https:\/\/vagas.portalemprego.com.br\/index.php?rest_route=%2Fwp%2Fv2%2Fcomments&post=4312"}],"version-history":[{"count":0,"href":"https:\/\/vagas.portalemprego.com.br\/index.php?rest_route=\/wp\/v2\/posts\/4312\/revisions"}],"wp:attachment":[{"href":"https:\/\/vagas.portalemprego.com.br\/index.php?rest_route=%2Fwp%2Fv2%2Fmedia&parent=4312"}],"wp:term":[{"taxonomy":"category","embeddable":true,"href":"https:\/\/vagas.portalemprego.com.br\/index.php?rest_route=%2Fwp%2Fv2%2Fcategories&post=4312"},{"taxonomy":"post_tag","embeddable":true,"href":"https:\/\/vagas.portalemprego.com.br\/index.php?rest_route=%2Fwp%2Fv2%2Ftags&post=4312"}],"curies":[{"name":"wp","href":"https:\/\/api.w.org\/{rel}","templated":true}]}}