{"id":4316,"date":"2026-04-29T06:29:29","date_gmt":"2026-04-29T09:29:29","guid":{"rendered":"https:\/\/vagas.portalemprego.com.br\/?p=4316"},"modified":"2026-04-29T06:29:29","modified_gmt":"2026-04-29T09:29:29","slug":"vendedor-interno-comercial-vendas-rio-de-janeiro-5","status":"publish","type":"post","link":"https:\/\/vagas.portalemprego.com.br\/?p=4316","title":{"rendered":"Vendedor Interno &#8211; Comercial, Vendas &#8211; Rio de Janeiro"},"content":{"rendered":"<p>N\u00f3s, da empresa Refrijet estamos a procura de um profissional na \u00e1rea comercial, que tenha expertise em negocia\u00e7\u00e3o e estrat\u00e9gia de mercado, que possua uma boa gest\u00e3o de vendas e que tenha estrat\u00e9gias para negociar com clientes potenciais, que fa\u00e7a uma boa prospec\u00e7\u00e3o, que seja uma pessoa positiva e otimista e trabalhe com determina\u00e7\u00e3o para alcan\u00e7ar os objetivos da empresa e com isso sua realiza\u00e7\u00e3o profissional tamb\u00e9m. <\/p>\n<p>Atividades:<br \/>\n&#8211; Venda Interna B2B atrav\u00e9s de telefone, redes sociais e presencialmente<br \/>\n&#8211; Prospec\u00e7\u00e3o e abertura de novos clientes<br \/>\n&#8211; Manuten\u00e7\u00e3o da carteira de clientes j\u00e1 existentes <\/p>\n<p>Requisitos:<\/p>\n<p>&#8211; Ensino m\u00e9dio completo<br \/>\n&#8211; Experi\u00eancia comprovada na \u00e1rea de vendas<br \/>\n&#8211; Diferencial: Experi\u00eancia no segmento de Ar condicionado automotivo<br \/>\n&#8211; Desej\u00e1vel: Curso de Vendas Negocia\u00e7\u00e3o<br \/>\n&#8211; Desej\u00e1vel: Experi\u00eancia no segmento automotivo, ser\u00e1 um diferencial<\/p>\n<p>Benef\u00edcios:<br \/>\n&#8211; Plano de Sa\u00fade<br \/>\n&#8211; Vale alimenta\u00e7\u00e3o<br \/>\n&#8211; Vale Transporte<br \/>\n&#8211; Sal\u00e1rio a combinar, Fixo + comiss\u00f5es sobre vendas<\/p>\n<ul>\n<li>Local de trabalho: Rio de Janeiro, RJ<\/li>\n<li>Regime de contrata\u00e7\u00e3o de tipo: Efetivo \u2013 CLT<\/li>\n<li>Jornada: Per\u00edodo Integral<\/li>\n<li>\u00c1rea e especializa\u00e7\u00e3o profissional: Comercial, Vendas &#8211; Venda Interna<\/li>\n<li>N\u00edvel hier\u00e1rquico: Consultor<\/li>\n<\/ul>\n<p>VALORIZADO<\/p>\n<p>Tempo de experi\u00eancia: Entre 1 e 3 anos<\/p>\n<p>HABILIDADES<\/p>\n<ul>\n<li>Estrat\u00e9gia de mercado<\/li>\n<li>Comunica\u00e7\u00e3o<\/li>\n<li>Pacote office<\/li>\n<li>Prospec\u00e7\u00e3o<\/li>\n<li>Gest\u00e3o de Vendas<\/li>\n<li>TOTVs<\/li>\n<li>T\u00e9cnicas em negocia\u00e7\u00e3o<\/li>\n<\/ul>\n<p>Escolaridade M\u00ednima: Ensino M\u00e9dio (2\u00ba Grau)<\/p>\n<p>Forma\u00e7\u00e3o desejada:<\/p>\n<ul>\n<li>Vendas, Curso T\u00e9cnico<\/li>\n<\/ul>\n<ul>\n<li>Comiss\u00e3o sobre vendas<\/li>\n<li>Plano de Sa\u00fade<\/li>\n<li>Vale alimenta\u00e7\u00e3o<\/li>\n<li>Vale Transporte<\/li>\n<\/ul>\n<p>Sal\u00e1rio: 1712,0<\/p>\n","protected":false},"excerpt":{"rendered":"<p>N\u00f3s, da empresa Refrijet estamos a procura de um profissional na \u00e1rea comercial, que tenha expertise em negocia\u00e7\u00e3o e estrat\u00e9gia de mercado, que possua uma boa gest\u00e3o de vendas e que tenha estrat\u00e9gias para negociar com clientes potenciais, que fa\u00e7a uma boa prospec\u00e7\u00e3o, que seja uma pessoa positiva e otimista e trabalhe com determina\u00e7\u00e3o para [&hellip;]<\/p>\n","protected":false},"author":1,"featured_media":0,"comment_status":"open","ping_status":"open","sticky":false,"template":"","format":"standard","meta":{"footnotes":""},"categories":[21],"tags":[],"class_list":["post-4316","post","type-post","status-publish","format-standard","hentry","category-rio-de-janeiro-rj"],"_links":{"self":[{"href":"https:\/\/vagas.portalemprego.com.br\/index.php?rest_route=\/wp\/v2\/posts\/4316","targetHints":{"allow":["GET"]}}],"collection":[{"href":"https:\/\/vagas.portalemprego.com.br\/index.php?rest_route=\/wp\/v2\/posts"}],"about":[{"href":"https:\/\/vagas.portalemprego.com.br\/index.php?rest_route=\/wp\/v2\/types\/post"}],"author":[{"embeddable":true,"href":"https:\/\/vagas.portalemprego.com.br\/index.php?rest_route=\/wp\/v2\/users\/1"}],"replies":[{"embeddable":true,"href":"https:\/\/vagas.portalemprego.com.br\/index.php?rest_route=%2Fwp%2Fv2%2Fcomments&post=4316"}],"version-history":[{"count":0,"href":"https:\/\/vagas.portalemprego.com.br\/index.php?rest_route=\/wp\/v2\/posts\/4316\/revisions"}],"wp:attachment":[{"href":"https:\/\/vagas.portalemprego.com.br\/index.php?rest_route=%2Fwp%2Fv2%2Fmedia&parent=4316"}],"wp:term":[{"taxonomy":"category","embeddable":true,"href":"https:\/\/vagas.portalemprego.com.br\/index.php?rest_route=%2Fwp%2Fv2%2Fcategories&post=4316"},{"taxonomy":"post_tag","embeddable":true,"href":"https:\/\/vagas.portalemprego.com.br\/index.php?rest_route=%2Fwp%2Fv2%2Ftags&post=4316"}],"curies":[{"name":"wp","href":"https:\/\/api.w.org\/{rel}","templated":true}]}}