{"id":4321,"date":"2026-04-29T06:29:29","date_gmt":"2026-04-29T09:29:29","guid":{"rendered":"https:\/\/vagas.portalemprego.com.br\/?p=4321"},"modified":"2026-04-29T06:29:29","modified_gmt":"2026-04-29T09:29:29","slug":"assistente-administrativo-administracao-rio-de-janeiro-12","status":"publish","type":"post","link":"https:\/\/vagas.portalemprego.com.br\/?p=4321","title":{"rendered":"Assistente Administrativo &#8211; Administra\u00e7\u00e3o &#8211; Rio de Janeiro"},"content":{"rendered":"<p>VAGA: ASSISTENTE ADMINISTRATIVO \/ ASSISTENTE PESSOAL<br \/>\nEmpresa de Loca\u00e7\u00e3o de Im\u00f3veis Comerciais e Residenciais<br \/>\nLocal: Av das Am\u00e9ricas 500, Downtown &#8211; Barra da Tijuca, Rio de Janeiro<br \/>\nModelo de trabalho: Presencial<br \/>\nHor\u00e1rio: Segunda a sexta-feira, das 9h \u00e0s 18h<br \/>\nContrata\u00e7\u00e3o: CLT<\/p>\n<p>Remunera\u00e7\u00e3o e Benef\u00edcios:<br \/>\nSal\u00e1rio: R$ 2.500,00<br \/>\nVale Refei\u00e7\u00e3o: R$ 30,00 por dia (m\u00e9dia R$ 600,00 por m\u00eas)<br \/>\nVale Transporte<\/p>\n<p>Sobre a vaga:<br \/>\nEmpresa do segmento imobili\u00e1rio busca Assistente Administrativo \/ Assistente Pessoal para atuar no suporte \u00e0s rotinas administrativas, financeiras e operacionais relacionadas \u00e0 gest\u00e3o de im\u00f3veis comerciais e residenciais. Procuramos uma pessoa organizada, respons\u00e1vel e com experi\u00eancia administrativa.<\/p>\n<p>Principais responsabilidades:<br \/>\nConfer\u00eancia de alugu\u00e9is e pagamentos realizados<br \/>\nGest\u00e3o e controle de pagamentos da empresa<br \/>\nOrganiza\u00e7\u00e3o, digitaliza\u00e7\u00e3o e controle de documentos<br \/>\nOrganiza\u00e7\u00e3o de agenda, reuni\u00f5es e compromissos<br \/>\nAcompanhamento de im\u00f3veis que necessitam de reformas e obras<br \/>\nControle das demandas relacionadas \u00e0s vistorias de im\u00f3veis, como:<br \/>\nSolicita\u00e7\u00e3o de or\u00e7amentos<br \/>\nCompra de materiais<br \/>\nContrata\u00e7\u00e3o de m\u00e3o de obra e pequenos reparos<br \/>\nContato e acompanhamento de prestadores de servi\u00e7os, fornecedores e parceiros<br \/>\nApoio administrativo geral e suporte direto \u00e0 gest\u00e3o<\/p>\n<p>(Obs.: As vistorias s\u00e3o realizadas por engenheiro vinculado ao jur\u00eddico; o foco da fun\u00e7\u00e3o \u00e9 o controle e acompanhamento das demandas decorrentes.)<\/p>\n<p>Requisitos:<br \/>\nExperi\u00eancia pr\u00e9via na \u00e1rea administrativa<br \/>\nOrganiza\u00e7\u00e3o, aten\u00e7\u00e3o a detalhes e responsabilidade<br \/>\nBoa comunica\u00e7\u00e3o verbal e escrita<br \/>\nDom\u00ednio de WhatsApp, e-mail e pacote Office<br \/>\nFacilidade para lidar com m\u00faltiplas demandas e prazos<\/p>\n<p>Diferenciais:<br \/>\nExperi\u00eancia no segmento imobili\u00e1rio<br \/>\nViv\u00eancia com controle financeiro b\u00e1sico<br \/>\nExperi\u00eancia com gest\u00e3o documental e rotinas administrativas<br \/>\nConhecimento em folha de pagamento de dom\u00e9sticos e departamento pessoal<\/p>\n<ul>\n<li>Local de trabalho: Rio de Janeiro, RJ<\/li>\n<li>Regime de contrata\u00e7\u00e3o de tipo: Efetivo \u2013 CLT<\/li>\n<li>Jornada: Per\u00edodo Integral<\/li>\n<li>\u00c1rea e especializa\u00e7\u00e3o profissional: Administra\u00e7\u00e3o &#8211; Administra\u00e7\u00e3o Geral<\/li>\n<li>N\u00edvel hier\u00e1rquico: Assistente<\/li>\n<\/ul>\n<p>Escolaridade M\u00ednima: Ensino M\u00e9dio (2\u00ba Grau)<\/p>\n<ul>\n<li>Vale Transporte<\/li>\n<li>Vale Refei\u00e7\u00e3o<\/li>\n<\/ul>\n<p>Sal\u00e1rio: 3100,0<\/p>\n","protected":false},"excerpt":{"rendered":"<p>VAGA: ASSISTENTE ADMINISTRATIVO \/ ASSISTENTE PESSOAL Empresa de Loca\u00e7\u00e3o de Im\u00f3veis Comerciais e Residenciais Local: Av das Am\u00e9ricas 500, Downtown &#8211; Barra da Tijuca, Rio de Janeiro Modelo de trabalho: Presencial Hor\u00e1rio: Segunda a sexta-feira, das 9h \u00e0s 18h Contrata\u00e7\u00e3o: CLT Remunera\u00e7\u00e3o e Benef\u00edcios: Sal\u00e1rio: R$ 2.500,00 Vale Refei\u00e7\u00e3o: R$ 30,00 por dia (m\u00e9dia R$ [&hellip;]<\/p>\n","protected":false},"author":1,"featured_media":0,"comment_status":"open","ping_status":"open","sticky":false,"template":"","format":"standard","meta":{"footnotes":""},"categories":[21],"tags":[],"class_list":["post-4321","post","type-post","status-publish","format-standard","hentry","category-rio-de-janeiro-rj"],"_links":{"self":[{"href":"https:\/\/vagas.portalemprego.com.br\/index.php?rest_route=\/wp\/v2\/posts\/4321","targetHints":{"allow":["GET"]}}],"collection":[{"href":"https:\/\/vagas.portalemprego.com.br\/index.php?rest_route=\/wp\/v2\/posts"}],"about":[{"href":"https:\/\/vagas.portalemprego.com.br\/index.php?rest_route=\/wp\/v2\/types\/post"}],"author":[{"embeddable":true,"href":"https:\/\/vagas.portalemprego.com.br\/index.php?rest_route=\/wp\/v2\/users\/1"}],"replies":[{"embeddable":true,"href":"https:\/\/vagas.portalemprego.com.br\/index.php?rest_route=%2Fwp%2Fv2%2Fcomments&post=4321"}],"version-history":[{"count":0,"href":"https:\/\/vagas.portalemprego.com.br\/index.php?rest_route=\/wp\/v2\/posts\/4321\/revisions"}],"wp:attachment":[{"href":"https:\/\/vagas.portalemprego.com.br\/index.php?rest_route=%2Fwp%2Fv2%2Fmedia&parent=4321"}],"wp:term":[{"taxonomy":"category","embeddable":true,"href":"https:\/\/vagas.portalemprego.com.br\/index.php?rest_route=%2Fwp%2Fv2%2Fcategories&post=4321"},{"taxonomy":"post_tag","embeddable":true,"href":"https:\/\/vagas.portalemprego.com.br\/index.php?rest_route=%2Fwp%2Fv2%2Ftags&post=4321"}],"curies":[{"name":"wp","href":"https:\/\/api.w.org\/{rel}","templated":true}]}}