{"id":4324,"date":"2026-04-29T06:29:29","date_gmt":"2026-04-29T09:29:29","guid":{"rendered":"https:\/\/vagas.portalemprego.com.br\/?p=4324"},"modified":"2026-04-29T06:29:29","modified_gmt":"2026-04-29T09:29:29","slug":"biomedica-esteta-leblon-rj-saude-rio-de-janeiro","status":"publish","type":"post","link":"https:\/\/vagas.portalemprego.com.br\/?p=4324","title":{"rendered":"BIOM\u00c9DICA ESTETA &#8211; Leblon &#8211; RJ &#8211; Sa\u00fade &#8211; Rio de Janeiro"},"content":{"rendered":"<p>Cl\u00ednica refer\u00eancia em est\u00e9tica avan\u00e7ada e atendimento de alto padr\u00e3o, est\u00e1 em busca de uma Biom\u00e9dica Esteta para integrar seu time e atuar com excel\u00eancia, sofistica\u00e7\u00e3o e foco em resultados.<\/p>\n<p>Atividades:<br \/>\nRealiza\u00e7\u00e3o de procedimentos biom\u00e9dicos est\u00e9ticos conforme habilita\u00e7\u00e3o;<br \/>\nAtua\u00e7\u00e3o seguindo protocolos de est\u00e9tica avan\u00e7ada;<br \/>\nGarantir um atendimento premium, com foco na experi\u00eancia do paciente;<br \/>\nPossibilidade de atua\u00e7\u00e3o como Respons\u00e1vel T\u00e9cnica (RT).<br \/>\nPerfil Priorit\u00e1rio:<br \/>\nExcelente comunica\u00e7\u00e3o, postura profissional e apresenta\u00e7\u00e3o pessoal;<br \/>\nExperi\u00eancia compat\u00edvel com est\u00e9tica avan\u00e7ada;<br \/>\nAlinhamento com o padr\u00e3o europeu de est\u00e9tica (conforme orienta\u00e7\u00e3o m\u00e9dica);<br \/>\nIngl\u00eas b\u00e1sico ser\u00e1 considerado diferencial;<br \/>\nComprometimento, \u00e9tica e aten\u00e7\u00e3o aos detalhes.<br \/>\nRemunera\u00e7\u00e3o:<br \/>\nFaixa salarial entre R$ 3.500,00 e R$ 4.500,00, conforme atividades exercidas;<br \/>\nValor adicional para quem atuar como Respons\u00e1vel T\u00e9cnica (RT).<br \/>\n?? Local de trabalho: Leblon \u2013 RJ<br \/>\nBenef\u00edcios da Vaga<br \/>\n-Remunera\u00e7\u00e3o vari\u00e1vel -Vale refei\u00e7\u00e3o -Vale Transporte<br \/>\nJornada a combinar<\/p>\n<ul>\n<li>Local de trabalho: Rio de Janeiro, RJ<\/li>\n<li>Regime de contrata\u00e7\u00e3o de tipo: Efetivo \u2013 CLT<\/li>\n<li>Jornada: Per\u00edodo Integral<\/li>\n<li>\u00c1rea e especializa\u00e7\u00e3o profissional: Sa\u00fade &#8211; Biomedicina<\/li>\n<li>N\u00edvel hier\u00e1rquico: Especialista<\/li>\n<\/ul>\n<p>VALORIZADO<\/p>\n<p>Tempo de experi\u00eancia: Entre 1 e 3 anos<\/p>\n<p>Escolaridade M\u00ednima: Ensino Superior<\/p>\n<p>Sal\u00e1rio: 4500,0<\/p>\n","protected":false},"excerpt":{"rendered":"<p>Cl\u00ednica refer\u00eancia em est\u00e9tica avan\u00e7ada e atendimento de alto padr\u00e3o, est\u00e1 em busca de uma Biom\u00e9dica Esteta para integrar seu time e atuar com excel\u00eancia, sofistica\u00e7\u00e3o e foco em resultados. Atividades: Realiza\u00e7\u00e3o de procedimentos biom\u00e9dicos est\u00e9ticos conforme habilita\u00e7\u00e3o; Atua\u00e7\u00e3o seguindo protocolos de est\u00e9tica avan\u00e7ada; Garantir um atendimento premium, com foco na experi\u00eancia do paciente; Possibilidade [&hellip;]<\/p>\n","protected":false},"author":1,"featured_media":0,"comment_status":"open","ping_status":"open","sticky":false,"template":"","format":"standard","meta":{"footnotes":""},"categories":[21],"tags":[],"class_list":["post-4324","post","type-post","status-publish","format-standard","hentry","category-rio-de-janeiro-rj"],"_links":{"self":[{"href":"https:\/\/vagas.portalemprego.com.br\/index.php?rest_route=\/wp\/v2\/posts\/4324","targetHints":{"allow":["GET"]}}],"collection":[{"href":"https:\/\/vagas.portalemprego.com.br\/index.php?rest_route=\/wp\/v2\/posts"}],"about":[{"href":"https:\/\/vagas.portalemprego.com.br\/index.php?rest_route=\/wp\/v2\/types\/post"}],"author":[{"embeddable":true,"href":"https:\/\/vagas.portalemprego.com.br\/index.php?rest_route=\/wp\/v2\/users\/1"}],"replies":[{"embeddable":true,"href":"https:\/\/vagas.portalemprego.com.br\/index.php?rest_route=%2Fwp%2Fv2%2Fcomments&post=4324"}],"version-history":[{"count":0,"href":"https:\/\/vagas.portalemprego.com.br\/index.php?rest_route=\/wp\/v2\/posts\/4324\/revisions"}],"wp:attachment":[{"href":"https:\/\/vagas.portalemprego.com.br\/index.php?rest_route=%2Fwp%2Fv2%2Fmedia&parent=4324"}],"wp:term":[{"taxonomy":"category","embeddable":true,"href":"https:\/\/vagas.portalemprego.com.br\/index.php?rest_route=%2Fwp%2Fv2%2Fcategories&post=4324"},{"taxonomy":"post_tag","embeddable":true,"href":"https:\/\/vagas.portalemprego.com.br\/index.php?rest_route=%2Fwp%2Fv2%2Ftags&post=4324"}],"curies":[{"name":"wp","href":"https:\/\/api.w.org\/{rel}","templated":true}]}}