{"id":4325,"date":"2026-04-29T06:25:25","date_gmt":"2026-04-29T09:25:25","guid":{"rendered":"https:\/\/vagas.portalemprego.com.br\/?p=4325"},"modified":"2026-04-29T06:25:25","modified_gmt":"2026-04-29T09:25:25","slug":"1122-motorista-categoria-c-logistica-nova-friburgo","status":"publish","type":"post","link":"https:\/\/vagas.portalemprego.com.br\/?p=4325","title":{"rendered":"1122 &#8211; Motorista Categoria C &#8211; Log\u00edstica &#8211; Nova Friburgo"},"content":{"rendered":"<p>Estamos em busca de um Motorista Categoria C para o setor de log\u00edstica de uma ind\u00fastria na \u00e1rea t\u00eaxtil, em Nova Friburgo\/RJ. Este cargo \u00e9 fundamental para garantir o transporte seguro e eficiente de mercadorias e pessoal dentro da nossa rede de opera\u00e7\u00f5es.O candidato ideal dever\u00e1 ter uma s\u00f3lida experi\u00eancia em dire\u00e7\u00e3o de ve\u00edculos comerciais, com uma Categoria C de motorista v\u00e1lida e em dia.<br \/>\nA responsabilidade principal ser\u00e1 garantir que as entregas sejam feitas no prazo e em seguran\u00e7a, cumprindo todas as normas de tr\u00e2nsito e regulamentos de seguran\u00e7a.<br \/>\n\u00c9 essencial que o candidato possua uma atitude respons\u00e1vel e comprometida com a seguran\u00e7a e efici\u00eancia das opera\u00e7\u00f5es.<\/p>\n<ul>\n<li>Local de trabalho: Nova Friburgo, RJ<\/li>\n<li>Regime de contrata\u00e7\u00e3o de tipo: Efetivo \u2013 CLT<\/li>\n<li>Jornada: Per\u00edodo Integral<\/li>\n<li>\u00c1rea e especializa\u00e7\u00e3o profissional: Log\u00edstica &#8211; Transporte<\/li>\n<li>N\u00edvel hier\u00e1rquico: Operacional<\/li>\n<\/ul>\n<p>VALORIZADO<\/p>\n<p>Tempo de experi\u00eancia: Entre 1 e 3 anos<\/p>\n<p>Escolaridade M\u00ednima: Ensino M\u00e9dio (2\u00ba Grau)<\/p>\n<p>Habilita\u00e7\u00e3o para dirigir: C<\/p>\n<p>Disponibilidade para viajar<\/p>\n<p>Sal\u00e1rio: 2900,0<\/p>\n","protected":false},"excerpt":{"rendered":"<p>Estamos em busca de um Motorista Categoria C para o setor de log\u00edstica de uma ind\u00fastria na \u00e1rea t\u00eaxtil, em Nova Friburgo\/RJ. Este cargo \u00e9 fundamental para garantir o transporte seguro e eficiente de mercadorias e pessoal dentro da nossa rede de opera\u00e7\u00f5es.O candidato ideal dever\u00e1 ter uma s\u00f3lida experi\u00eancia em dire\u00e7\u00e3o de ve\u00edculos comerciais, [&hellip;]<\/p>\n","protected":false},"author":1,"featured_media":0,"comment_status":"open","ping_status":"open","sticky":false,"template":"","format":"standard","meta":{"footnotes":""},"categories":[21],"tags":[],"class_list":["post-4325","post","type-post","status-publish","format-standard","hentry","category-rio-de-janeiro-rj"],"_links":{"self":[{"href":"https:\/\/vagas.portalemprego.com.br\/index.php?rest_route=\/wp\/v2\/posts\/4325","targetHints":{"allow":["GET"]}}],"collection":[{"href":"https:\/\/vagas.portalemprego.com.br\/index.php?rest_route=\/wp\/v2\/posts"}],"about":[{"href":"https:\/\/vagas.portalemprego.com.br\/index.php?rest_route=\/wp\/v2\/types\/post"}],"author":[{"embeddable":true,"href":"https:\/\/vagas.portalemprego.com.br\/index.php?rest_route=\/wp\/v2\/users\/1"}],"replies":[{"embeddable":true,"href":"https:\/\/vagas.portalemprego.com.br\/index.php?rest_route=%2Fwp%2Fv2%2Fcomments&post=4325"}],"version-history":[{"count":0,"href":"https:\/\/vagas.portalemprego.com.br\/index.php?rest_route=\/wp\/v2\/posts\/4325\/revisions"}],"wp:attachment":[{"href":"https:\/\/vagas.portalemprego.com.br\/index.php?rest_route=%2Fwp%2Fv2%2Fmedia&parent=4325"}],"wp:term":[{"taxonomy":"category","embeddable":true,"href":"https:\/\/vagas.portalemprego.com.br\/index.php?rest_route=%2Fwp%2Fv2%2Fcategories&post=4325"},{"taxonomy":"post_tag","embeddable":true,"href":"https:\/\/vagas.portalemprego.com.br\/index.php?rest_route=%2Fwp%2Fv2%2Ftags&post=4325"}],"curies":[{"name":"wp","href":"https:\/\/api.w.org\/{rel}","templated":true}]}}