{"id":4329,"date":"2026-04-29T06:25:25","date_gmt":"2026-04-29T09:25:25","guid":{"rendered":"https:\/\/vagas.portalemprego.com.br\/?p=4329"},"modified":"2026-04-29T06:25:25","modified_gmt":"2026-04-29T09:25:25","slug":"coordenador-operacional-short-stay-airbnb-rio-de-janeiro-rj-qualidade-rio-de-janeiro","status":"publish","type":"post","link":"https:\/\/vagas.portalemprego.com.br\/?p=4329","title":{"rendered":"Coordenador Operacional \u2013 Short Stay (Airbnb) | Rio de Janeiro\/RJ &#8211; Qualidade &#8211; Rio de Janeiro"},"content":{"rendered":"<p>?? Oportunidade | Coordenador Operacional \u2013 Short Stay (Airbnb)<br \/>\n?? Rio de Janeiro\/RJ \u2013 Presencial<br \/>\nVoc\u00ea \u00e9 uma pessoa pr\u00e1tica, organizada e gosta de resolver problemas no dia a dia? Quer atuar diretamente na opera\u00e7\u00e3o e garantir a melhor experi\u00eancia para h\u00f3spedes em apartamentos por temporada? Ent\u00e3o essa oportunidade pode ser para voc\u00ea! ????<br \/>\nEstamos conduzindo o processo seletivo para Coordenador Operacional, que atuar\u00e1 na gest\u00e3o de apartamentos por temporada (modelo short stay \/ Airbnb), com foco em organiza\u00e7\u00e3o, comunica\u00e7\u00e3o e excel\u00eancia operacional.<br \/>\n?? Suas principais responsabilidades:<br \/>\nCoordenar processos de check-in e check-out dos h\u00f3spedes;<br \/>\nOrganizar, acionar e cobrar equipes de limpeza;<br \/>\nAcionar e acompanhar manuten\u00e7\u00f5es corretivas e preventivas;<br \/>\nResolver demandas operacionais do dia a dia via WhatsApp;<br \/>\nManter comunica\u00e7\u00e3o constante com h\u00f3spedes, portaria e prestadores de servi\u00e7o;<br \/>\nGarantir o padr\u00e3o, funcionamento e boa experi\u00eancia nos apartamentos.<br \/>\n?? O que esperamos de voc\u00ea:<br \/>\nPerfil organizado, respons\u00e1vel e confi\u00e1vel;<br \/>\nBoa comunica\u00e7\u00e3o e facilidade para lidar com diferentes p\u00fablicos;<br \/>\nPostura pr\u00e1tica, resolutiva e operacional;<br \/>\nCapacidade de atuar sob press\u00e3o e resolver imprevistos;<br \/>\nAutonomia para tocar a opera\u00e7\u00e3o sem supervis\u00e3o constante;<br \/>\nPortugu\u00eas fluente;<br \/>\nIngl\u00eas intermedi\u00e1rio (leitura e comunica\u00e7\u00e3o b\u00e1sica com h\u00f3spedes);<br \/>\nEspanhol ser\u00e1 um diferencial.<br \/>\n?? O que oferecemos:<br \/>\nSal\u00e1rio fixo;<br \/>\nAjuda de custo para transporte e alimenta\u00e7\u00e3o;<br \/>\nIn\u00edcio imediato;<br \/>\nOportunidade de crescimento junto \u00e0 opera\u00e7\u00e3o.<\/p>\n<ul>\n<li>Local de trabalho: Rio de Janeiro, RJ<\/li>\n<li>Regime de contrata\u00e7\u00e3o de tipo: Prestador de Servi\u00e7os (PJ)<\/li>\n<li>Jornada: Per\u00edodo Integral<\/li>\n<li>\u00c1rea e especializa\u00e7\u00e3o profissional: Qualidade &#8211; Controle de Qualidade<\/li>\n<li>N\u00edvel hier\u00e1rquico: Analista<\/li>\n<\/ul>\n<p>Escolaridade M\u00ednima: Ensino M\u00e9dio (2\u00ba Grau)<\/p>\n<p>Sal\u00e1rio: 3000,0<\/p>\n","protected":false},"excerpt":{"rendered":"<p>?? Oportunidade | Coordenador Operacional \u2013 Short Stay (Airbnb) ?? Rio de Janeiro\/RJ \u2013 Presencial Voc\u00ea \u00e9 uma pessoa pr\u00e1tica, organizada e gosta de resolver problemas no dia a dia? Quer atuar diretamente na opera\u00e7\u00e3o e garantir a melhor experi\u00eancia para h\u00f3spedes em apartamentos por temporada? Ent\u00e3o essa oportunidade pode ser para voc\u00ea! ???? Estamos [&hellip;]<\/p>\n","protected":false},"author":1,"featured_media":0,"comment_status":"open","ping_status":"open","sticky":false,"template":"","format":"standard","meta":{"footnotes":""},"categories":[21],"tags":[],"class_list":["post-4329","post","type-post","status-publish","format-standard","hentry","category-rio-de-janeiro-rj"],"_links":{"self":[{"href":"https:\/\/vagas.portalemprego.com.br\/index.php?rest_route=\/wp\/v2\/posts\/4329","targetHints":{"allow":["GET"]}}],"collection":[{"href":"https:\/\/vagas.portalemprego.com.br\/index.php?rest_route=\/wp\/v2\/posts"}],"about":[{"href":"https:\/\/vagas.portalemprego.com.br\/index.php?rest_route=\/wp\/v2\/types\/post"}],"author":[{"embeddable":true,"href":"https:\/\/vagas.portalemprego.com.br\/index.php?rest_route=\/wp\/v2\/users\/1"}],"replies":[{"embeddable":true,"href":"https:\/\/vagas.portalemprego.com.br\/index.php?rest_route=%2Fwp%2Fv2%2Fcomments&post=4329"}],"version-history":[{"count":0,"href":"https:\/\/vagas.portalemprego.com.br\/index.php?rest_route=\/wp\/v2\/posts\/4329\/revisions"}],"wp:attachment":[{"href":"https:\/\/vagas.portalemprego.com.br\/index.php?rest_route=%2Fwp%2Fv2%2Fmedia&parent=4329"}],"wp:term":[{"taxonomy":"category","embeddable":true,"href":"https:\/\/vagas.portalemprego.com.br\/index.php?rest_route=%2Fwp%2Fv2%2Fcategories&post=4329"},{"taxonomy":"post_tag","embeddable":true,"href":"https:\/\/vagas.portalemprego.com.br\/index.php?rest_route=%2Fwp%2Fv2%2Ftags&post=4329"}],"curies":[{"name":"wp","href":"https:\/\/api.w.org\/{rel}","templated":true}]}}