{"id":4336,"date":"2026-04-29T06:26:26","date_gmt":"2026-04-29T09:26:26","guid":{"rendered":"https:\/\/vagas.portalemprego.com.br\/?p=4336"},"modified":"2026-04-29T06:26:26","modified_gmt":"2026-04-29T09:26:26","slug":"especialista-contabil-fiscal-segmento-do-varejo-contabil-financas-economia-rio-de-janeiro","status":"publish","type":"post","link":"https:\/\/vagas.portalemprego.com.br\/?p=4336","title":{"rendered":"Especialista Cont\u00e1bil\/Fiscal &#8211; Segmento do Varejo &#8211; Cont\u00e1bil, Finan\u00e7as, Economia &#8211; Rio de Janeiro"},"content":{"rendered":"<p>Marca no segmento de varejo de cal\u00e7ados e acess\u00f3rios contrata: Especialista Cont\u00e1bil\/Fiscal<\/p>\n<p>Sal\u00e1rio:\u00a08.500\u00a0PJ\u00a0+\u00a0Cart\u00e3o\u00a0Caju\u00a0de\u00a0270\u00a0+\u00a0B\u00f4nus\u00a0de\u00a0aniversariante\u00a0+\u00a050%\u00a0de\u00a0desconto\u00a0na\u00a0marca<br \/>\nHibrido:\u00a04\u00a0dias\u00a0no\u00a0escrit\u00f3rio\u00a0na\u00a0Lapa\/Centro\u00a0+\u00a01\u00a0de\u00a0home\u00a0office<\/p>\n<p>Requisitos Obrigat\u00f3rios:<br \/>\nForma\u00e7\u00e3o superior completa em Ci\u00eancias Cont\u00e1beis;<br \/>\nExperi\u00eancia s\u00f3lida como Especialista ou Analista nas \u00e1reas cont\u00e1bil e fiscal em empresas de m\u00e9dio\/grande porte ou escrit\u00f3rios de contabilidade;<br \/>\nDom\u00ednio da legisla\u00e7\u00e3o societ\u00e1ria, normas internacionais (IFRS) e legisla\u00e7\u00e3o tribut\u00e1ria;<br \/>\nExperi\u00eancia com SPED e sistemas de escritura\u00e7\u00e3o digital (ECD, ECF, EFDs);<br \/>\nViv\u00eancia em emiss\u00e3o e escritura\u00e7\u00e3o de notas fiscais (entrada, sa\u00edda e devolu\u00e7\u00e3o);<br \/>\nExperi\u00eancia em classifica\u00e7\u00e3o cont\u00e1bil de despesas e centros de custo;<br \/>\nConhecimento em sistemas ERP (SAP, TOTVS, Oracle ou similares);<br \/>\nExcel avan\u00e7ado;<br \/>\nAtualiza\u00e7\u00e3o constante e capacidade de conduzir discuss\u00f5es sobre Reforma Tribut\u00e1ria.<br \/>\nRequisitos Diferenciais<br \/>\nCRC ativo;<br \/>\nP\u00f3s-gradua\u00e7\u00e3o ou MBA em Controladoria, Auditoria ou Gest\u00e3o Tribut\u00e1ria;<br \/>\nConhecimento em Power BI.<br \/>\nExperi\u00eancia cont\u00e1bil em marcas do grande varejo<\/p>\n<p>Principais responsabilidades:<br \/>\nFechamentos cont\u00e1beis mensais, trimestrais e anuais, com elabora\u00e7\u00e3o e revis\u00e3o das demonstra\u00e7\u00f5es conforme CPC\/IFRS;<br \/>\nApura\u00e7\u00e3o de tributos diretos e indiretos e entrega\/valida\u00e7\u00e3o de todas as obriga\u00e7\u00f5es acess\u00f3rias;<br \/>\nEmiss\u00e3o, valida\u00e7\u00e3o, classifica\u00e7\u00e3o fiscal, escritura\u00e7\u00e3o e compliance de notas fiscais de entrada, sa\u00edda e devolu\u00e7\u00e3o;<br \/>\nSuporte \u00e0s \u00e1reas internas na correta classifica\u00e7\u00e3o cont\u00e1bil, centros de custo e demandas fiscais;<br \/>\nPlanejamento, condu\u00e7\u00e3o e implementa\u00e7\u00e3o de a\u00e7\u00f5es de adequa\u00e7\u00e3o \u00e0 Reforma Tribut\u00e1ria, com an\u00e1lise de impactos e otimiza\u00e7\u00e3o de riscos e carga tribut\u00e1ria;<br \/>\nAcompanhamento de fiscaliza\u00e7\u00f5es, auditorias internas e externas, com suporte t\u00e9cnico;<br \/>\nAn\u00e1lise de impactos tribut\u00e1rios em diferentes opera\u00e7\u00f5es (industrializa\u00e7\u00e3o, intercompany, transfer\u00eancias e e-commerce);<br \/>\nConcilia\u00e7\u00e3o de contas patrimoniais e de resultado, melhoria de processos e controles internos, e apoio \u00e0 \u00e1rea financeira e de neg\u00f3cios em planejamentos tribut\u00e1rios e consultas t\u00e9cnicas.<\/p>\n<ul>\n<li>Local de trabalho: Rio de Janeiro, RJ<\/li>\n<li>Regime de contrata\u00e7\u00e3o de tipo: Efetivo \u2013 CLT<\/li>\n<li>Jornada: Per\u00edodo Integral<\/li>\n<li>\u00c1rea e especializa\u00e7\u00e3o profissional: Cont\u00e1bil, Finan\u00e7as, Economia &#8211; Contabilidade<\/li>\n<li>N\u00edvel hier\u00e1rquico: Especialista<\/li>\n<\/ul>\n<p>Escolaridade M\u00ednima: Ensino Superior<\/p>\n<p>Forma\u00e7\u00e3o desejada:<\/p>\n<ul>\n<li>Ci\u00eancias cont\u00e1beis, Ensino Superior<\/li>\n<\/ul>\n<p>Sal\u00e1rio: 8500,0<\/p>\n","protected":false},"excerpt":{"rendered":"<p>Marca no segmento de varejo de cal\u00e7ados e acess\u00f3rios contrata: Especialista Cont\u00e1bil\/Fiscal Sal\u00e1rio:\u00a08.500\u00a0PJ\u00a0+\u00a0Cart\u00e3o\u00a0Caju\u00a0de\u00a0270\u00a0+\u00a0B\u00f4nus\u00a0de\u00a0aniversariante\u00a0+\u00a050%\u00a0de\u00a0desconto\u00a0na\u00a0marca Hibrido:\u00a04\u00a0dias\u00a0no\u00a0escrit\u00f3rio\u00a0na\u00a0Lapa\/Centro\u00a0+\u00a01\u00a0de\u00a0home\u00a0office Requisitos Obrigat\u00f3rios: Forma\u00e7\u00e3o superior completa em Ci\u00eancias Cont\u00e1beis; Experi\u00eancia s\u00f3lida como Especialista ou Analista nas \u00e1reas cont\u00e1bil e fiscal em empresas de m\u00e9dio\/grande porte ou escrit\u00f3rios de contabilidade; Dom\u00ednio da legisla\u00e7\u00e3o societ\u00e1ria, normas internacionais (IFRS) e legisla\u00e7\u00e3o tribut\u00e1ria; Experi\u00eancia com SPED [&hellip;]<\/p>\n","protected":false},"author":1,"featured_media":0,"comment_status":"open","ping_status":"open","sticky":false,"template":"","format":"standard","meta":{"footnotes":""},"categories":[21],"tags":[],"class_list":["post-4336","post","type-post","status-publish","format-standard","hentry","category-rio-de-janeiro-rj"],"_links":{"self":[{"href":"https:\/\/vagas.portalemprego.com.br\/index.php?rest_route=\/wp\/v2\/posts\/4336","targetHints":{"allow":["GET"]}}],"collection":[{"href":"https:\/\/vagas.portalemprego.com.br\/index.php?rest_route=\/wp\/v2\/posts"}],"about":[{"href":"https:\/\/vagas.portalemprego.com.br\/index.php?rest_route=\/wp\/v2\/types\/post"}],"author":[{"embeddable":true,"href":"https:\/\/vagas.portalemprego.com.br\/index.php?rest_route=\/wp\/v2\/users\/1"}],"replies":[{"embeddable":true,"href":"https:\/\/vagas.portalemprego.com.br\/index.php?rest_route=%2Fwp%2Fv2%2Fcomments&post=4336"}],"version-history":[{"count":0,"href":"https:\/\/vagas.portalemprego.com.br\/index.php?rest_route=\/wp\/v2\/posts\/4336\/revisions"}],"wp:attachment":[{"href":"https:\/\/vagas.portalemprego.com.br\/index.php?rest_route=%2Fwp%2Fv2%2Fmedia&parent=4336"}],"wp:term":[{"taxonomy":"category","embeddable":true,"href":"https:\/\/vagas.portalemprego.com.br\/index.php?rest_route=%2Fwp%2Fv2%2Fcategories&post=4336"},{"taxonomy":"post_tag","embeddable":true,"href":"https:\/\/vagas.portalemprego.com.br\/index.php?rest_route=%2Fwp%2Fv2%2Ftags&post=4336"}],"curies":[{"name":"wp","href":"https:\/\/api.w.org\/{rel}","templated":true}]}}