{"id":4337,"date":"2026-04-29T06:26:26","date_gmt":"2026-04-29T09:26:26","guid":{"rendered":"https:\/\/vagas.portalemprego.com.br\/?p=4337"},"modified":"2026-04-29T06:26:26","modified_gmt":"2026-04-29T09:26:26","slug":"vendedora-piso-vinilico-comercial-vendas-rio-de-janeiro","status":"publish","type":"post","link":"https:\/\/vagas.portalemprego.com.br\/?p=4337","title":{"rendered":"Vendedor(a) &#8211; Piso Vin\u00edlico &#8211; Comercial, Vendas &#8211; Rio de Janeiro"},"content":{"rendered":"<p>Miss\u00e3o<br \/>\nRealizar vendas de materiais e produtos voltados para o setor da constru\u00e7\u00e3o civil a seco, atendendo clientes de forma consultiva, identificando necessidades e oferecendo solu\u00e7\u00f5es adequadas. Atua na prospec\u00e7\u00e3o de novos clientes, manuten\u00e7\u00e3o da carteira existente e suporte no p\u00f3s-venda.<br \/>\nAtividades e Responsabilidades<br \/>\nRealizar visitas externas di\u00e1rias para prospec\u00e7\u00e3o e atendimento de clientes.<br \/>\nExecutar prospec\u00e7\u00e3o ativa de novos clientes e atender leads recebidos.<br \/>\nApresentar portf\u00f3lio de produtos, conduzindo negocia\u00e7\u00f5es de pre\u00e7os, prazos e condi\u00e7\u00f5es comerciais.<br \/>\nManter e expandir carteira ativa de clientes, garantindo relacionamento de longo prazo.<br \/>\nAcompanhar pedidos e entregas, assegurando a satisfa\u00e7\u00e3o do cliente.<br \/>\nRegistrar visitas, negocia\u00e7\u00f5es e resultados em sistema de gest\u00e3o.<br \/>\nIdentificar oportunidades de crescimento e expans\u00e3o de mercado na regi\u00e3o de atua\u00e7\u00e3o.<br \/>\nTrabalhar com metas e indicadores comerciais, buscando resultados consistentes.<br \/>\nRequisitos<br \/>\nEnsino M\u00e9dio completo; desej\u00e1vel Ensino Superior.<br \/>\nExperi\u00eancia comprovada em vendas de Piso Vin\u00edlico ou segmento similar.<br \/>\nCarteira Ativa de Clientes<br \/>\nHabilidade em negocia\u00e7\u00e3o e relacionamento interpessoal.<br \/>\nPerfil proativo, com foco em resultados e capacidade de identificar oportunidades de neg\u00f3cio.<br \/>\nInforma\u00e7\u00f5es Adicionais:<br \/>\nSal\u00e1rio Fixo + Comiss\u00e3o de at\u00e9 3% m\u00eas.<br \/>\nFundamental j\u00e1 possuir clientes em atendimento cont\u00ednuo.<\/p>\n<ul>\n<li>Local de trabalho: Rio de Janeiro, RJ<\/li>\n<li>Regime de contrata\u00e7\u00e3o de tipo: Efetivo \u2013 CLT<\/li>\n<li>Jornada: Per\u00edodo Integral<\/li>\n<li>\u00c1rea e especializa\u00e7\u00e3o profissional: Comercial, Vendas &#8211; Venda T\u00e9cnica<\/li>\n<li>N\u00edvel hier\u00e1rquico: Consultor<\/li>\n<\/ul>\n<p>HABILIDADES<\/p>\n<ul>\n<li>Atitude Positiva<\/li>\n<li>Focado em Metas<\/li>\n<li>Vis\u00e3o Consultiva<\/li>\n<li>Foco em resultados<\/li>\n<li>Orienta\u00e7\u00e3o para solu\u00e7\u00e3o<\/li>\n<\/ul>\n<p>Escolaridade M\u00ednima: Ensino Superior<\/p>\n","protected":false},"excerpt":{"rendered":"<p>Miss\u00e3o Realizar vendas de materiais e produtos voltados para o setor da constru\u00e7\u00e3o civil a seco, atendendo clientes de forma consultiva, identificando necessidades e oferecendo solu\u00e7\u00f5es adequadas. Atua na prospec\u00e7\u00e3o de novos clientes, manuten\u00e7\u00e3o da carteira existente e suporte no p\u00f3s-venda. Atividades e Responsabilidades Realizar visitas externas di\u00e1rias para prospec\u00e7\u00e3o e atendimento de clientes. Executar [&hellip;]<\/p>\n","protected":false},"author":1,"featured_media":0,"comment_status":"open","ping_status":"open","sticky":false,"template":"","format":"standard","meta":{"footnotes":""},"categories":[21],"tags":[],"class_list":["post-4337","post","type-post","status-publish","format-standard","hentry","category-rio-de-janeiro-rj"],"_links":{"self":[{"href":"https:\/\/vagas.portalemprego.com.br\/index.php?rest_route=\/wp\/v2\/posts\/4337","targetHints":{"allow":["GET"]}}],"collection":[{"href":"https:\/\/vagas.portalemprego.com.br\/index.php?rest_route=\/wp\/v2\/posts"}],"about":[{"href":"https:\/\/vagas.portalemprego.com.br\/index.php?rest_route=\/wp\/v2\/types\/post"}],"author":[{"embeddable":true,"href":"https:\/\/vagas.portalemprego.com.br\/index.php?rest_route=\/wp\/v2\/users\/1"}],"replies":[{"embeddable":true,"href":"https:\/\/vagas.portalemprego.com.br\/index.php?rest_route=%2Fwp%2Fv2%2Fcomments&post=4337"}],"version-history":[{"count":0,"href":"https:\/\/vagas.portalemprego.com.br\/index.php?rest_route=\/wp\/v2\/posts\/4337\/revisions"}],"wp:attachment":[{"href":"https:\/\/vagas.portalemprego.com.br\/index.php?rest_route=%2Fwp%2Fv2%2Fmedia&parent=4337"}],"wp:term":[{"taxonomy":"category","embeddable":true,"href":"https:\/\/vagas.portalemprego.com.br\/index.php?rest_route=%2Fwp%2Fv2%2Fcategories&post=4337"},{"taxonomy":"post_tag","embeddable":true,"href":"https:\/\/vagas.portalemprego.com.br\/index.php?rest_route=%2Fwp%2Fv2%2Ftags&post=4337"}],"curies":[{"name":"wp","href":"https:\/\/api.w.org\/{rel}","templated":true}]}}