{"id":4338,"date":"2026-04-29T06:26:26","date_gmt":"2026-04-29T09:26:26","guid":{"rendered":"https:\/\/vagas.portalemprego.com.br\/?p=4338"},"modified":"2026-04-29T06:26:26","modified_gmt":"2026-04-29T09:26:26","slug":"consultor-de-vendas-comercial-vendas-macae","status":"publish","type":"post","link":"https:\/\/vagas.portalemprego.com.br\/?p=4338","title":{"rendered":"Consultor de Vendas &#8211; Comercial, Vendas &#8211; Maca\u00e9"},"content":{"rendered":"<p>Consultor de Vendas<br \/>\n?? Sobre a vaga:<br \/>\nBuscamos um profissional proativo, comunicativo e persistente, com vis\u00e3o comercial e facilidade para se conectar com pessoas. \u00c9 importante saber trabalhar sob press\u00e3o, ter disponibilidade para atuar em feiras e eventos e gostar de prospectar clientes dentro e fora da empresa.<\/p>\n<p>?? Perfil desejado:<br \/>\nExperi\u00eancia m\u00ednima de 1 ano em vendas<br \/>\nDiferencial: viv\u00eancia com telemarketing, especialmente em escolas de idiomas ou inform\u00e1tica<br \/>\n?? Remunera\u00e7\u00e3o:<br \/>\nSal\u00e1rio: R$ 2.200,00 a R$ 2.800,00 + comiss\u00e3o<br \/>\nComiss\u00e3o:<br \/>\n15% por matr\u00edcula fechada<br \/>\nAcima de 10 matr\u00edculas: 30%<br \/>\n?? Hor\u00e1rio: das 8h12 \u00e0s 18h<br \/>\n?? Local: Praia Campista \u2013 Maca\u00e9\/RJ<\/p>\n<p>?? Benef\u00edcios:<br \/>\nCurso gratuito<br \/>\nAp\u00f3s 3 meses: Aux\u00edlio Sa\u00fade (Cart\u00e3o de Todos)<br \/>\nVT opcional (transporte p\u00fablico local: R$ 1,00)<br \/>\nH\u00e1 local para levar refei\u00e7\u00e3o.<\/p>\n<ul>\n<li>Local de trabalho: Maca\u00e9, RJ<\/li>\n<li>Regime de contrata\u00e7\u00e3o de tipo: Efetivo \u2013 CLT<\/li>\n<li>Jornada: Per\u00edodo Integral<\/li>\n<li>\u00c1rea e especializa\u00e7\u00e3o profissional: Comercial, Vendas &#8211; Venda Externa<\/li>\n<li>N\u00edvel hier\u00e1rquico: Consultor<\/li>\n<\/ul>\n<p>Escolaridade M\u00ednima: Ensino M\u00e9dio (2\u00ba Grau)<\/p>\n<p>Sal\u00e1rio: 2800,0<\/p>\n","protected":false},"excerpt":{"rendered":"<p>Consultor de Vendas ?? Sobre a vaga: Buscamos um profissional proativo, comunicativo e persistente, com vis\u00e3o comercial e facilidade para se conectar com pessoas. \u00c9 importante saber trabalhar sob press\u00e3o, ter disponibilidade para atuar em feiras e eventos e gostar de prospectar clientes dentro e fora da empresa. ?? Perfil desejado: Experi\u00eancia m\u00ednima de 1 [&hellip;]<\/p>\n","protected":false},"author":1,"featured_media":0,"comment_status":"open","ping_status":"open","sticky":false,"template":"","format":"standard","meta":{"footnotes":""},"categories":[21],"tags":[],"class_list":["post-4338","post","type-post","status-publish","format-standard","hentry","category-rio-de-janeiro-rj"],"_links":{"self":[{"href":"https:\/\/vagas.portalemprego.com.br\/index.php?rest_route=\/wp\/v2\/posts\/4338","targetHints":{"allow":["GET"]}}],"collection":[{"href":"https:\/\/vagas.portalemprego.com.br\/index.php?rest_route=\/wp\/v2\/posts"}],"about":[{"href":"https:\/\/vagas.portalemprego.com.br\/index.php?rest_route=\/wp\/v2\/types\/post"}],"author":[{"embeddable":true,"href":"https:\/\/vagas.portalemprego.com.br\/index.php?rest_route=\/wp\/v2\/users\/1"}],"replies":[{"embeddable":true,"href":"https:\/\/vagas.portalemprego.com.br\/index.php?rest_route=%2Fwp%2Fv2%2Fcomments&post=4338"}],"version-history":[{"count":0,"href":"https:\/\/vagas.portalemprego.com.br\/index.php?rest_route=\/wp\/v2\/posts\/4338\/revisions"}],"wp:attachment":[{"href":"https:\/\/vagas.portalemprego.com.br\/index.php?rest_route=%2Fwp%2Fv2%2Fmedia&parent=4338"}],"wp:term":[{"taxonomy":"category","embeddable":true,"href":"https:\/\/vagas.portalemprego.com.br\/index.php?rest_route=%2Fwp%2Fv2%2Fcategories&post=4338"},{"taxonomy":"post_tag","embeddable":true,"href":"https:\/\/vagas.portalemprego.com.br\/index.php?rest_route=%2Fwp%2Fv2%2Ftags&post=4338"}],"curies":[{"name":"wp","href":"https:\/\/api.w.org\/{rel}","templated":true}]}}