{"id":4341,"date":"2026-04-29T06:26:26","date_gmt":"2026-04-29T09:26:26","guid":{"rendered":"https:\/\/vagas.portalemprego.com.br\/?p=4341"},"modified":"2026-04-29T06:26:26","modified_gmt":"2026-04-29T09:26:26","slug":"auxiliar-de-cozinha-cozinheiro-5x2-sem-experiencia-botafogo-e-tijuca-alimentacao-gastronomia-rio-de-janeiro","status":"publish","type":"post","link":"https:\/\/vagas.portalemprego.com.br\/?p=4341","title":{"rendered":"Auxiliar de Cozinha \/ Cozinheiro &#8211; 5X2 SEM EXPERI\u00caNCIA (BOTAFOGO E TIJUCA) &#8211; Alimenta\u00e7\u00e3o \/ Gastronomia &#8211; Rio de Janeiro"},"content":{"rendered":"<p>Estamos\u00a0em\u00a0busca\u00a0de\u00a0um\u00a0Auxiliar\u00a0de\u00a0Cozinha\u00a0e\u00a0cozinheiro\u00a0para\u00a0se\u00a0juntar\u00a0ao\u00a0nosso\u00a0time.<br \/>\nLocal\u00a0de\u00a0trabalho:\u00a0Unidades:\u00a0Botafogo ou Tijuca (Maracan\u00e3)<br \/>\nSal\u00e1rio:\u00a0R$\u00a01.630,00\u00a0a\u00a0R$2.000,00<br \/>\nEscala:\u00a0\u00a05&#215;2\u00a0(44h)\u00a0\u2013\u00a0com\u00a0folgas\u00a0rotativas\u00a0ao\u00a0longo\u00a0do\u00a0m\u00eas<br \/>\nHor\u00e1rios:\u00a0Temos\u00a0hor\u00e1rios\u00a0para\u00a0o\u00a0turno\u00a0do\u00a0DIA\u00a0e\u00a0da\u00a0NOITE:\u00a0<br \/>\nTurno\u00a0DIA:\u00a0Das\u00a007h30\u00a0\u00e0s\u00a016h30<br \/>\nTurno\u00a0DIA:\u00a0Das\u00a009h00\u00a0\u00e0s\u00a018h00<br \/>\nTurno\u00a0NOITE:\u00a0Das\u00a014h40\u00a0\u00e0s\u00a023h40 (Adicional Noturno)<\/p>\n<p>O\u00a0que\u00a0oferecemos\u00a0de\u00a0benef\u00edcios\u00a0para\u00a0voc\u00ea:<br \/>\n&#8211;\u00a0Vale-transporte<br \/>\n&#8211;\u00a0Refei\u00e7\u00e3o\u00a0deliciosa\u00a0no\u00a0local;<br \/>\n&#8211;\u00a0Aux\u00edlio-alimenta\u00e7\u00e3o\u00a0de\u00a0R$\u00a0264,00;<br \/>\n&#8211;\u00a0Acesso\u00a0ao\u00a0Wellhub\u00a0(Gympass)\u00a0para\u00a0cuidar\u00a0do\u00a0corpo\u00a0e\u00a0da\u00a0mente;<br \/>\n&#8211;\u00a0Plano\u00a0de\u00a0sa\u00fade\u00a0&#8211;\u00a0Seguro\u00a0de\u00a0vida;<br \/>\n&#8211;\u00a0Acesso\u00a0ao\u00a0clube\u00a0Shalon\u00a0com\u00a0benef\u00edcios\u00a0exclusivos\u00a0+\u00a0Todos\u00a0os\u00a0direitos\u00a0garantidos;\u00a0F\u00e9rias,\u00a013\u00ba,\u00a0FGTS\u00a0e\u00a0INSS;<\/p>\n<p>Aqui\u00a0seu\u00a0crescimento\u00a0\u00e9\u00a0levado\u00a0a\u00a0s\u00e9rio!\u00a0Tem\u00a0sede\u00a0de\u00a0aprendizado\u00a0e\u00a0vontade\u00a0de\u00a0crescer?\u00a0Aqui\u00a0voc\u00ea\u00a0ter\u00e1\u00a0acesso\u00a0a\u00a0treinamentos\u00a0internos\u00a0e\u00a0oportunidades\u00a0reais\u00a0de\u00a0promo\u00e7\u00e3o.<\/p>\n<p>Valorizamos\u00a0quem\u00a0veste\u00a0a\u00a0camisa\u00a0e\u00a0quer\u00a0construir\u00a0uma\u00a0carreira\u00a0na\u00a0gastronomia!<br \/>\nSuas\u00a0principais\u00a0miss\u00f5es:<br \/>\n&#8211;\u00a0Auxiliar\u00a0no\u00a0preparo\u00a0de\u00a0pratos\u00a0com\u00a0orienta\u00e7\u00e3o\u00a0de\u00a0nutricionistas\u00a0e\u00a0chefs;<br \/>\n&#8211;\u00a0Higienizar,\u00a0cortar,\u00a0descascar\u00a0e\u00a0preparar\u00a0ingredientes;<br \/>\n&#8211;\u00a0Participar\u00a0do\u00a0pr\u00e9-preparo\u00a0e\u00a0da\u00a0montagem\u00a0dos\u00a0pratos;<br \/>\n&#8211;\u00a0Controlar\u00a0temperatura\u00a0e\u00a0qualidade\u00a0dos\u00a0alimentos;<br \/>\n&#8211;\u00a0Manter\u00a0a\u00a0organiza\u00e7\u00e3o\u00a0da\u00a0pra\u00e7a\u00a0e\u00a0do\u00a0estoque;<br \/>\n&#8211;\u00a0Higienizar\u00a0utens\u00edlios,\u00a0equipamentos\u00a0e\u00a0\u00e1reas\u00a0de\u00a0trabalho;<br \/>\n&#8211;\u00a0Conferir\u00a0e\u00a0armazenar\u00a0materiais\u00a0recebidos;<\/p>\n<p>Procuramos\u00a0pessoas\u00a0com:<br \/>\n&#8211;\u00a0Esp\u00edrito\u00a0de\u00a0equipe,\u00a0proatividade\u00a0e\u00a0boa\u00a0comunica\u00e7\u00e3o;<br \/>\n&#8211;\u00a0Agilidade,\u00a0aten\u00e7\u00e3o\u00a0aos\u00a0detalhes\u00a0e\u00a0excelente\u00a0apresenta\u00e7\u00e3o;<br \/>\n&#8211;\u00a0Organiza\u00e7\u00e3o\u00a0e\u00a0compromisso\u00a0com\u00a0a\u00a0seguran\u00e7a\u00a0no\u00a0trabalho;<\/p>\n<ul>\n<li>N\u00famero de vagas: 6<\/li>\n<li>Local de trabalho: Rio de Janeiro, RJ<\/li>\n<li>Regime de contrata\u00e7\u00e3o de tipo: Efetivo \u2013 CLT<\/li>\n<li>Jornada: Per\u00edodo Integral<\/li>\n<li>\u00c1rea e especializa\u00e7\u00e3o profissional: Alimenta\u00e7\u00e3o \/ Gastronomia &#8211; Cozinha<\/li>\n<li>N\u00edvel hier\u00e1rquico: Operacional<\/li>\n<\/ul>\n<p>VALORIZADO<\/p>\n<p>Tempo de experi\u00eancia: Sem experi\u00eancia<\/p>\n<p>Escolaridade M\u00ednima: Ensino M\u00e9dio (2\u00ba Grau)<\/p>\n","protected":false},"excerpt":{"rendered":"<p>Estamos\u00a0em\u00a0busca\u00a0de\u00a0um\u00a0Auxiliar\u00a0de\u00a0Cozinha\u00a0e\u00a0cozinheiro\u00a0para\u00a0se\u00a0juntar\u00a0ao\u00a0nosso\u00a0time. Local\u00a0de\u00a0trabalho:\u00a0Unidades:\u00a0Botafogo ou Tijuca (Maracan\u00e3) Sal\u00e1rio:\u00a0R$\u00a01.630,00\u00a0a\u00a0R$2.000,00 Escala:\u00a0\u00a05&#215;2\u00a0(44h)\u00a0\u2013\u00a0com\u00a0folgas\u00a0rotativas\u00a0ao\u00a0longo\u00a0do\u00a0m\u00eas Hor\u00e1rios:\u00a0Temos\u00a0hor\u00e1rios\u00a0para\u00a0o\u00a0turno\u00a0do\u00a0DIA\u00a0e\u00a0da\u00a0NOITE:\u00a0 Turno\u00a0DIA:\u00a0Das\u00a007h30\u00a0\u00e0s\u00a016h30 Turno\u00a0DIA:\u00a0Das\u00a009h00\u00a0\u00e0s\u00a018h00 Turno\u00a0NOITE:\u00a0Das\u00a014h40\u00a0\u00e0s\u00a023h40 (Adicional Noturno) O\u00a0que\u00a0oferecemos\u00a0de\u00a0benef\u00edcios\u00a0para\u00a0voc\u00ea: &#8211;\u00a0Vale-transporte &#8211;\u00a0Refei\u00e7\u00e3o\u00a0deliciosa\u00a0no\u00a0local; &#8211;\u00a0Aux\u00edlio-alimenta\u00e7\u00e3o\u00a0de\u00a0R$\u00a0264,00; &#8211;\u00a0Acesso\u00a0ao\u00a0Wellhub\u00a0(Gympass)\u00a0para\u00a0cuidar\u00a0do\u00a0corpo\u00a0e\u00a0da\u00a0mente; &#8211;\u00a0Plano\u00a0de\u00a0sa\u00fade\u00a0&#8211;\u00a0Seguro\u00a0de\u00a0vida; &#8211;\u00a0Acesso\u00a0ao\u00a0clube\u00a0Shalon\u00a0com\u00a0benef\u00edcios\u00a0exclusivos\u00a0+\u00a0Todos\u00a0os\u00a0direitos\u00a0garantidos;\u00a0F\u00e9rias,\u00a013\u00ba,\u00a0FGTS\u00a0e\u00a0INSS; Aqui\u00a0seu\u00a0crescimento\u00a0\u00e9\u00a0levado\u00a0a\u00a0s\u00e9rio!\u00a0Tem\u00a0sede\u00a0de\u00a0aprendizado\u00a0e\u00a0vontade\u00a0de\u00a0crescer?\u00a0Aqui\u00a0voc\u00ea\u00a0ter\u00e1\u00a0acesso\u00a0a\u00a0treinamentos\u00a0internos\u00a0e\u00a0oportunidades\u00a0reais\u00a0de\u00a0promo\u00e7\u00e3o. Valorizamos\u00a0quem\u00a0veste\u00a0a\u00a0camisa\u00a0e\u00a0quer\u00a0construir\u00a0uma\u00a0carreira\u00a0na\u00a0gastronomia! Suas\u00a0principais\u00a0miss\u00f5es: &#8211;\u00a0Auxiliar\u00a0no\u00a0preparo\u00a0de\u00a0pratos\u00a0com\u00a0orienta\u00e7\u00e3o\u00a0de\u00a0nutricionistas\u00a0e\u00a0chefs; &#8211;\u00a0Higienizar,\u00a0cortar,\u00a0descascar\u00a0e\u00a0preparar\u00a0ingredientes; &#8211;\u00a0Participar\u00a0do\u00a0pr\u00e9-preparo\u00a0e\u00a0da\u00a0montagem\u00a0dos\u00a0pratos; &#8211;\u00a0Controlar\u00a0temperatura\u00a0e\u00a0qualidade\u00a0dos\u00a0alimentos; &#8211;\u00a0Manter\u00a0a\u00a0organiza\u00e7\u00e3o\u00a0da\u00a0pra\u00e7a\u00a0e\u00a0do\u00a0estoque; &#8211;\u00a0Higienizar\u00a0utens\u00edlios,\u00a0equipamentos\u00a0e\u00a0\u00e1reas\u00a0de\u00a0trabalho; &#8211;\u00a0Conferir\u00a0e\u00a0armazenar\u00a0materiais\u00a0recebidos; Procuramos\u00a0pessoas\u00a0com: &#8211;\u00a0Esp\u00edrito\u00a0de\u00a0equipe,\u00a0proatividade\u00a0e\u00a0boa\u00a0comunica\u00e7\u00e3o; &#8211;\u00a0Agilidade,\u00a0aten\u00e7\u00e3o\u00a0aos\u00a0detalhes\u00a0e\u00a0excelente\u00a0apresenta\u00e7\u00e3o; &#8211;\u00a0Organiza\u00e7\u00e3o\u00a0e\u00a0compromisso\u00a0com\u00a0a\u00a0seguran\u00e7a\u00a0no\u00a0trabalho; N\u00famero de vagas: 6 Local de trabalho: Rio de Janeiro, RJ Regime de contrata\u00e7\u00e3o de tipo: Efetivo \u2013 CLT Jornada: Per\u00edodo [&hellip;]<\/p>\n","protected":false},"author":1,"featured_media":0,"comment_status":"open","ping_status":"open","sticky":false,"template":"","format":"standard","meta":{"footnotes":""},"categories":[21],"tags":[],"class_list":["post-4341","post","type-post","status-publish","format-standard","hentry","category-rio-de-janeiro-rj"],"_links":{"self":[{"href":"https:\/\/vagas.portalemprego.com.br\/index.php?rest_route=\/wp\/v2\/posts\/4341","targetHints":{"allow":["GET"]}}],"collection":[{"href":"https:\/\/vagas.portalemprego.com.br\/index.php?rest_route=\/wp\/v2\/posts"}],"about":[{"href":"https:\/\/vagas.portalemprego.com.br\/index.php?rest_route=\/wp\/v2\/types\/post"}],"author":[{"embeddable":true,"href":"https:\/\/vagas.portalemprego.com.br\/index.php?rest_route=\/wp\/v2\/users\/1"}],"replies":[{"embeddable":true,"href":"https:\/\/vagas.portalemprego.com.br\/index.php?rest_route=%2Fwp%2Fv2%2Fcomments&post=4341"}],"version-history":[{"count":0,"href":"https:\/\/vagas.portalemprego.com.br\/index.php?rest_route=\/wp\/v2\/posts\/4341\/revisions"}],"wp:attachment":[{"href":"https:\/\/vagas.portalemprego.com.br\/index.php?rest_route=%2Fwp%2Fv2%2Fmedia&parent=4341"}],"wp:term":[{"taxonomy":"category","embeddable":true,"href":"https:\/\/vagas.portalemprego.com.br\/index.php?rest_route=%2Fwp%2Fv2%2Fcategories&post=4341"},{"taxonomy":"post_tag","embeddable":true,"href":"https:\/\/vagas.portalemprego.com.br\/index.php?rest_route=%2Fwp%2Fv2%2Ftags&post=4341"}],"curies":[{"name":"wp","href":"https:\/\/api.w.org\/{rel}","templated":true}]}}