{"id":4343,"date":"2026-04-29T06:26:26","date_gmt":"2026-04-29T09:26:26","guid":{"rendered":"https:\/\/vagas.portalemprego.com.br\/?p=4343"},"modified":"2026-04-29T06:26:26","modified_gmt":"2026-04-29T09:26:26","slug":"analista-fiscal-contabil-jr-i-contabil-financas-economia-rio-de-janeiro","status":"publish","type":"post","link":"https:\/\/vagas.portalemprego.com.br\/?p=4343","title":{"rendered":"Analista Fiscal\/ Cont\u00e1bil Jr I &#8211; Cont\u00e1bil, Finan\u00e7as, Economia &#8211; Rio de Janeiro"},"content":{"rendered":"<p>O Grupo Seres, em parceria com empresa nacional do segmento de ind\u00fastria farmac\u00eautica, seleciona profissional para atuar na fun\u00e7\u00e3o de Analista Cont\u00e1bil Jr I<\/p>\n<p> Incentivamos candidaturas PCD, popula\u00e7\u00e3o negra, mulheres, LGBTQIAPN+.<\/p>\n<p>Requisitos:<br \/>\nEnsino Superior em Contabilidade;<br \/>\nViv\u00eancia em atividades cont\u00e1beis dentro da Administra\u00e7\u00e3o P\u00fablica;<br \/>\nHabilidade com Pacote office;<\/p>\n<p>Desej\u00e1vel:<br \/>\nConhecimento SAP;<\/p>\n<p>Atividades:<br \/>\nRealizar atividades de finan\u00e7as, administrando os tributos, registrando atos e fatos cont\u00e1beis, gerenciando custos, preparando obriga\u00e7\u00f5es acess\u00f3rias, contribuindo no desenvolvimento de projetos, programas e trabalhos diversos em sua \u00e1rea de especializa\u00e7\u00e3o, auditando os processos, elaborando pareceres t\u00e9cnicos e divulgando os resultados em relat\u00f3rios e documentos em geral, elabora\u00e7\u00e3o da proposta e execu\u00e7\u00e3o or\u00e7ament\u00e1ria, classifica\u00e7\u00e3o de despesas e os respectivos demonstrativos, composi\u00e7\u00e3o do balan\u00e7o quando do encerramento do exerc\u00edcio, aplicando m\u00e9todos e rotinas de simplifica\u00e7\u00e3o e racionaliza\u00e7\u00e3o dos servi\u00e7os, observando o cumprimento das metas dentro dos prazos previstos e prioridades definidas, contribuindo assim para a manuten\u00e7\u00e3o e\/ou otimiza\u00e7\u00e3o de atividades, processos, sistemas e procedimentos de acordo com as estrat\u00e9gias e pol\u00edticas adotadas pela Institui\u00e7\u00e3o.<\/p>\n<p>Hor\u00e1rio de trabalho:<br \/>\nHor\u00e1rio: 08:00 \u00e0s 17h00<br \/>\nEscala: 5&#215;2<br \/>\nModelo: Presencial<\/p>\n<p>Local de trabalho:<br \/>\nJacarepagu\u00e1, Rio de Janeiro &#8211; Brasil<\/p>\n<ul>\n<li>Local de trabalho: Rio de Janeiro, RJ<\/li>\n<li>Regime de contrata\u00e7\u00e3o de tipo: Tempor\u00e1rio<\/li>\n<li>Jornada: Per\u00edodo Integral<\/li>\n<li>\u00c1rea e especializa\u00e7\u00e3o profissional: Cont\u00e1bil, Finan\u00e7as, Economia &#8211; Fiscal<\/li>\n<li>N\u00edvel hier\u00e1rquico: Analista<\/li>\n<\/ul>\n<p>VALORIZADO<\/p>\n<p>Tempo de experi\u00eancia: Entre 1 e 3 anos<\/p>\n<p>Escolaridade M\u00ednima: Ensino Superior<\/p>\n<ul>\n<li>vale transporte<\/li>\n<li>plano de sa\u00fade<\/li>\n<li>plano odontol\u00f3gico<\/li>\n<li>seguro de vida<\/li>\n<li>refeit\u00f3rio<\/li>\n<\/ul>\n<p>Sal\u00e1rio: 5140,41<\/p>\n","protected":false},"excerpt":{"rendered":"<p>O Grupo Seres, em parceria com empresa nacional do segmento de ind\u00fastria farmac\u00eautica, seleciona profissional para atuar na fun\u00e7\u00e3o de Analista Cont\u00e1bil Jr I Incentivamos candidaturas PCD, popula\u00e7\u00e3o negra, mulheres, LGBTQIAPN+. Requisitos: Ensino Superior em Contabilidade; Viv\u00eancia em atividades cont\u00e1beis dentro da Administra\u00e7\u00e3o P\u00fablica; Habilidade com Pacote office; Desej\u00e1vel: Conhecimento SAP; Atividades: Realizar atividades de [&hellip;]<\/p>\n","protected":false},"author":1,"featured_media":0,"comment_status":"open","ping_status":"open","sticky":false,"template":"","format":"standard","meta":{"footnotes":""},"categories":[21],"tags":[],"class_list":["post-4343","post","type-post","status-publish","format-standard","hentry","category-rio-de-janeiro-rj"],"_links":{"self":[{"href":"https:\/\/vagas.portalemprego.com.br\/index.php?rest_route=\/wp\/v2\/posts\/4343","targetHints":{"allow":["GET"]}}],"collection":[{"href":"https:\/\/vagas.portalemprego.com.br\/index.php?rest_route=\/wp\/v2\/posts"}],"about":[{"href":"https:\/\/vagas.portalemprego.com.br\/index.php?rest_route=\/wp\/v2\/types\/post"}],"author":[{"embeddable":true,"href":"https:\/\/vagas.portalemprego.com.br\/index.php?rest_route=\/wp\/v2\/users\/1"}],"replies":[{"embeddable":true,"href":"https:\/\/vagas.portalemprego.com.br\/index.php?rest_route=%2Fwp%2Fv2%2Fcomments&post=4343"}],"version-history":[{"count":0,"href":"https:\/\/vagas.portalemprego.com.br\/index.php?rest_route=\/wp\/v2\/posts\/4343\/revisions"}],"wp:attachment":[{"href":"https:\/\/vagas.portalemprego.com.br\/index.php?rest_route=%2Fwp%2Fv2%2Fmedia&parent=4343"}],"wp:term":[{"taxonomy":"category","embeddable":true,"href":"https:\/\/vagas.portalemprego.com.br\/index.php?rest_route=%2Fwp%2Fv2%2Fcategories&post=4343"},{"taxonomy":"post_tag","embeddable":true,"href":"https:\/\/vagas.portalemprego.com.br\/index.php?rest_route=%2Fwp%2Fv2%2Ftags&post=4343"}],"curies":[{"name":"wp","href":"https:\/\/api.w.org\/{rel}","templated":true}]}}