{"id":4349,"date":"2026-04-29T06:26:26","date_gmt":"2026-04-29T09:26:26","guid":{"rendered":"https:\/\/vagas.portalemprego.com.br\/?p=4349"},"modified":"2026-04-29T06:26:26","modified_gmt":"2026-04-29T09:26:26","slug":"secretario-administracao-rio-de-janeiro","status":"publish","type":"post","link":"https:\/\/vagas.portalemprego.com.br\/?p=4349","title":{"rendered":"Secret\u00e1rio &#8211; Administra\u00e7\u00e3o &#8211; Rio de Janeiro"},"content":{"rendered":"<p>Estamos em busca de um profissional dedicado e eficiente para o cargo de Secret\u00e1rio.Sua fun\u00e7\u00e3o ser\u00e1 essencial para o bom funcionamento da nossa empresa, colaborando diretamente com a organiza\u00e7\u00e3o e suporte administrativo di\u00e1rio.<br \/>\nO candidato ideal dever\u00e1 ter uma excelente organiza\u00e7\u00e3o, aten\u00e7\u00e3o aos detalhes e uma capacidade de comunica\u00e7\u00e3o clara e efetiva.O trabalho envolve a manuten\u00e7\u00e3o de arquivos, organiza\u00e7\u00e3o de reuni\u00f5es, prepara\u00e7\u00e3o de documentos e suporte ao gerente em diversas tarefas administrativas.<br \/>\nVoc\u00ea ser\u00e1 respons\u00e1vel por gerenciar agendas, fazer liga\u00e7\u00f5es, responder e-mails, e auxiliar na organiza\u00e7\u00e3o de eventos internos e externos.\u00c9 fundamental que voc\u00ea tenha uma boa vis\u00e3o geral do que \u00e9 necess\u00e1rio para manter a empresa funcionando de forma eficiente e que possa trabalhar de forma independente quando necess\u00e1rio.<br \/>\nExperi\u00eancia em administra\u00e7\u00e3o, secretariado ou \u00e1reas correlatas \u00e9 um diferencial.Conhecimento em pacotes Office, especialmente Excel e Word, \u00e9 essencial.Al\u00e9m disso, uma boa capacidade de resolu\u00e7\u00e3o de problemas e uma atitude proativa s\u00e3o caracter\u00edsticas desejadas.<br \/>\nSe voc\u00ea \u00e9 uma pessoa organizada, comunicativa e tem um forte senso de responsabilidade, esta oportunidade \u00e9 para voc\u00ea.Junte-se \u00e0 nossa equipe e contribua para o sucesso da empresa com seu empenho e habilidades.<br \/>\nAguardamos seu interesse e sua candidatura para fazer parte dessa jornada profissional.<\/p>\n<ul>\n<li>Local de trabalho: Rio de Janeiro, RJ<\/li>\n<li>Regime de contrata\u00e7\u00e3o de tipo: Efetivo \u2013 CLT<\/li>\n<li>Jornada: Per\u00edodo Integral<\/li>\n<li>\u00c1rea e especializa\u00e7\u00e3o profissional: Administra\u00e7\u00e3o &#8211; Secretariado<\/li>\n<li>N\u00edvel hier\u00e1rquico: Especialista<\/li>\n<\/ul>\n<p>Escolaridade M\u00ednima: Ensino Superior<\/p>\n","protected":false},"excerpt":{"rendered":"<p>Estamos em busca de um profissional dedicado e eficiente para o cargo de Secret\u00e1rio.Sua fun\u00e7\u00e3o ser\u00e1 essencial para o bom funcionamento da nossa empresa, colaborando diretamente com a organiza\u00e7\u00e3o e suporte administrativo di\u00e1rio. O candidato ideal dever\u00e1 ter uma excelente organiza\u00e7\u00e3o, aten\u00e7\u00e3o aos detalhes e uma capacidade de comunica\u00e7\u00e3o clara e efetiva.O trabalho envolve a [&hellip;]<\/p>\n","protected":false},"author":1,"featured_media":0,"comment_status":"open","ping_status":"open","sticky":false,"template":"","format":"standard","meta":{"footnotes":""},"categories":[21],"tags":[],"class_list":["post-4349","post","type-post","status-publish","format-standard","hentry","category-rio-de-janeiro-rj"],"_links":{"self":[{"href":"https:\/\/vagas.portalemprego.com.br\/index.php?rest_route=\/wp\/v2\/posts\/4349","targetHints":{"allow":["GET"]}}],"collection":[{"href":"https:\/\/vagas.portalemprego.com.br\/index.php?rest_route=\/wp\/v2\/posts"}],"about":[{"href":"https:\/\/vagas.portalemprego.com.br\/index.php?rest_route=\/wp\/v2\/types\/post"}],"author":[{"embeddable":true,"href":"https:\/\/vagas.portalemprego.com.br\/index.php?rest_route=\/wp\/v2\/users\/1"}],"replies":[{"embeddable":true,"href":"https:\/\/vagas.portalemprego.com.br\/index.php?rest_route=%2Fwp%2Fv2%2Fcomments&post=4349"}],"version-history":[{"count":0,"href":"https:\/\/vagas.portalemprego.com.br\/index.php?rest_route=\/wp\/v2\/posts\/4349\/revisions"}],"wp:attachment":[{"href":"https:\/\/vagas.portalemprego.com.br\/index.php?rest_route=%2Fwp%2Fv2%2Fmedia&parent=4349"}],"wp:term":[{"taxonomy":"category","embeddable":true,"href":"https:\/\/vagas.portalemprego.com.br\/index.php?rest_route=%2Fwp%2Fv2%2Fcategories&post=4349"},{"taxonomy":"post_tag","embeddable":true,"href":"https:\/\/vagas.portalemprego.com.br\/index.php?rest_route=%2Fwp%2Fv2%2Ftags&post=4349"}],"curies":[{"name":"wp","href":"https:\/\/api.w.org\/{rel}","templated":true}]}}