{"id":435,"date":"2026-04-29T06:30:30","date_gmt":"2026-04-29T09:30:30","guid":{"rendered":"https:\/\/vagas.portalemprego.com.br\/?p=435"},"modified":"2026-04-29T06:30:30","modified_gmt":"2026-04-29T09:30:30","slug":"enfermeiro-do-trabalho-rio-de-janeiro-rj","status":"publish","type":"post","link":"https:\/\/vagas.portalemprego.com.br\/?p=435","title":{"rendered":"Enfermeiro do Trabalho &#8211; Rio de Janeiro, RJ"},"content":{"rendered":"<p>Descri\u00e7\u00e3o: <\/p>\n<p><p>Ir\u00e1 atuar nas seguintes atividades: <\/p>\n<ul>\n<li>Atendimento de triagem;<\/li>\n<li>Atendimentos e procedimentos inerentes a enfermagem como: curativos, administra\u00e7\u00e3o medica\u00e7\u00e3o injet\u00e1vel, oral e acesso venoso;<\/li>\n<li>Atendimento \u00e0 acidente de trabalho, primeiros socorros, encaminhamento ao M\u00e9dico do Trabalho;<\/li>\n<li>Suporte e orienta\u00e7\u00e3o a Auxiliar de Enfermagem do Trabalho dos procedimentos a serem executados com o monitoramento da realiza\u00e7\u00e3o correta destes;<\/li>\n<li>Monitoramento das funcion\u00e1rias gestantes, conscientiza\u00e7\u00e3o do acompanhamento da sa\u00fade destas e do concepto.<\/li>\n<li>Gera\u00e7\u00e3o de relat\u00f3rios mensais dos exames ocupacionais, agendamento, convoca\u00e7\u00e3o e encaminhamento para a realiza\u00e7\u00e3o destes;<\/li>\n<li>Alimenta\u00e7\u00e3o de prontu\u00e1rios eletr\u00f4nicos com as informa\u00e7\u00f5es dos exames ocupacionais: admissional, peri\u00f3dico, mudan\u00e7a de fun\u00e7\u00e3o, retorno ao trabalho e demissional.<\/li>\n<\/ul>\n<p><\/p>\n<p>Atua\u00e7\u00e3o: <\/p>\n<ul>\n<li>Hor\u00e1rio de segunda a sexta, de 07:00h \u00e0s 16:45h.<\/li>\n<li>Penha.<\/li>\n<\/ul>\n<p><\/p>\n<p>Benef\u00edcios oferecidos: <\/p>\n<ul>\n<li>Plano de sa\u00fade para o funcion\u00e1rio com coparticipa\u00e7\u00e3o nas consultas, extensivo para inclus\u00e3o dos filhos at\u00e9 17 anos e meio (com o custo da mensalidade e coparticipa\u00e7\u00e3o nas consultas);<\/li>\n<li>Seguro de vida em grupo e assist\u00eancia funeral;<\/li>\n<li>Refei\u00e7\u00e3o no local;<\/li>\n<li>Cesta b\u00e1sica;<\/li>\n<li>PL (conforme programa que pode variar, de acordo com o que for acordado com o sindicato).<\/li>\n<\/ul>\n<p>Requisitos desejados: <\/p>\n<ul>\n<li>Ensino superior completo em Enfermagem;<\/li>\n<li>P\u00f3s-gradua\u00e7\u00e3o em Enfermagem do Trabalho;<\/li>\n<li>Registro ativo no COREN;<\/li>\n<li>Prefer\u00eancia por ter atuado na \u00e1rea de Enfermagem do Trabalho.<\/li>\n<\/ul>\n","protected":false},"excerpt":{"rendered":"<p>Descri\u00e7\u00e3o: Ir\u00e1 atuar nas seguintes atividades: Atendimento de triagem; Atendimentos e procedimentos inerentes a enfermagem como: curativos, administra\u00e7\u00e3o medica\u00e7\u00e3o injet\u00e1vel, oral e acesso venoso; Atendimento \u00e0 acidente de trabalho, primeiros socorros, encaminhamento ao M\u00e9dico do Trabalho; Suporte e orienta\u00e7\u00e3o a Auxiliar de Enfermagem do Trabalho dos procedimentos a serem executados com o monitoramento da realiza\u00e7\u00e3o [&hellip;]<\/p>\n","protected":false},"author":1,"featured_media":0,"comment_status":"open","ping_status":"open","sticky":false,"template":"","format":"standard","meta":{"footnotes":""},"categories":[21],"tags":[],"class_list":["post-435","post","type-post","status-publish","format-standard","hentry","category-rio-de-janeiro-rj"],"_links":{"self":[{"href":"https:\/\/vagas.portalemprego.com.br\/index.php?rest_route=\/wp\/v2\/posts\/435","targetHints":{"allow":["GET"]}}],"collection":[{"href":"https:\/\/vagas.portalemprego.com.br\/index.php?rest_route=\/wp\/v2\/posts"}],"about":[{"href":"https:\/\/vagas.portalemprego.com.br\/index.php?rest_route=\/wp\/v2\/types\/post"}],"author":[{"embeddable":true,"href":"https:\/\/vagas.portalemprego.com.br\/index.php?rest_route=\/wp\/v2\/users\/1"}],"replies":[{"embeddable":true,"href":"https:\/\/vagas.portalemprego.com.br\/index.php?rest_route=%2Fwp%2Fv2%2Fcomments&post=435"}],"version-history":[{"count":0,"href":"https:\/\/vagas.portalemprego.com.br\/index.php?rest_route=\/wp\/v2\/posts\/435\/revisions"}],"wp:attachment":[{"href":"https:\/\/vagas.portalemprego.com.br\/index.php?rest_route=%2Fwp%2Fv2%2Fmedia&parent=435"}],"wp:term":[{"taxonomy":"category","embeddable":true,"href":"https:\/\/vagas.portalemprego.com.br\/index.php?rest_route=%2Fwp%2Fv2%2Fcategories&post=435"},{"taxonomy":"post_tag","embeddable":true,"href":"https:\/\/vagas.portalemprego.com.br\/index.php?rest_route=%2Fwp%2Fv2%2Ftags&post=435"}],"curies":[{"name":"wp","href":"https:\/\/api.w.org\/{rel}","templated":true}]}}