{"id":4350,"date":"2026-04-29T06:26:26","date_gmt":"2026-04-29T09:26:26","guid":{"rendered":"https:\/\/vagas.portalemprego.com.br\/?p=4350"},"modified":"2026-04-29T06:26:26","modified_gmt":"2026-04-29T09:26:26","slug":"porteiro-niteroi-seguranca-niteroi","status":"publish","type":"post","link":"https:\/\/vagas.portalemprego.com.br\/?p=4350","title":{"rendered":"PORTEIRO  &#8211; NITEROI &#8211; Seguran\u00e7a &#8211; Niter\u00f3i"},"content":{"rendered":"<p>Estamos em busca de um profissional para o cargo de Porteiro em Niter\u00f3i.<br \/>\nBuscamos algu\u00e9m que combine habilidades t\u00e9cnicas e de atendimento com uma postura comprometida e responsiva.<br \/>\nO candidato ideal deve ter conhecimento em inform\u00e1tica, al\u00e9m de experi\u00eancia com r\u00e1dio HT.<br \/>\n\u00c9 essencial que voc\u00ea tenha experi\u00eancia em atendimento e portaria, pois essas habilidades s\u00e3o fundamentais para garantir a seguran\u00e7a e o bom funcionamento do nosso ambiente.<\/p>\n<p>Al\u00e9m das habilidades t\u00e9cnicas, buscamos algu\u00e9m com disponibilidade de hor\u00e1rio flex\u00edvel, que possa atender \u00e0s necessidades variadas da nossa equipe.<br \/>\n\u00c9 importante que voc\u00ea more pr\u00f3ximo, pois isso facilitar\u00e1 o desempenhoso do seu trabalho di\u00e1rio.<br \/>\nA altura entre 1,70 e 2,00 m \u00e9 uma considera\u00e7\u00e3o importante para garantir a efic\u00e1cia no desempenho das suas tarefas.<\/p>\n<p>Voc\u00ea deve ter uma boa comunica\u00e7\u00e3o e capacidade de trabalhar em equipe, al\u00e9m de uma atitude proativa e respons\u00e1vel.<br \/>\nA \u00e9tica de trabalho e a aten\u00e7\u00e3o aos detalhes s\u00e3o caracter\u00edsticas que valorizamos muito em nossos colaboradores.<br \/>\nSe voc\u00ea se identifica com esses requisitos e tem o perfil que buscamos, esta \u00e9 uma oportunidade para se juntar a uma equipe dedicada e fazer parte de um ambiente de trabalho positivo e desafiador.<\/p>\n<p>A oportunidade oferece benef\u00edcios competitivos e um ambiente de trabalho que valoriza o crescimento profissional.<br \/>\nSe voc\u00ea est\u00e1 pronto para assumir um novo desafio e contribuir para a nossa equipe, queremos conhecer seu perfil.<\/p>\n<ul>\n<li>N\u00famero de vagas: 10<\/li>\n<li>Local de trabalho: Niter\u00f3i, RJ<\/li>\n<li>Regime de contrata\u00e7\u00e3o de tipo: Efetivo \u2013 CLT<\/li>\n<li>Jornada: Per\u00edodo Integral<\/li>\n<li>\u00c1rea e especializa\u00e7\u00e3o profissional: Seguran\u00e7a &#8211; Portaria Industrial, Comercial, Resid\u00eancial<\/li>\n<li>N\u00edvel hier\u00e1rquico: Operacional<\/li>\n<\/ul>\n<p>VALORIZADO<\/p>\n<p>Tempo de experi\u00eancia: Entre 1 e 3 anos<\/p>\n<p>HABILIDADES<\/p>\n<ul>\n<li>experiencia em atendimento<\/li>\n<li>conhecimento em informatica<\/li>\n<li>conhecimento com radio HT<\/li>\n<li>morar proximo<\/li>\n<li>experiencia em portaria<\/li>\n<li>disponibilidade de horario<\/li>\n<li>ter entre 1,70 a 2,00 m de altura<\/li>\n<\/ul>\n<p>Escolaridade M\u00ednima: Ensino M\u00e9dio (2\u00ba Grau)<\/p>\n<ul>\n<li>vale transporte<\/li>\n<li>vale alimeta\u00e7\u00e3o<\/li>\n<\/ul>\n<p>Sal\u00e1rio: 1917,71<\/p>\n","protected":false},"excerpt":{"rendered":"<p>Estamos em busca de um profissional para o cargo de Porteiro em Niter\u00f3i. Buscamos algu\u00e9m que combine habilidades t\u00e9cnicas e de atendimento com uma postura comprometida e responsiva. O candidato ideal deve ter conhecimento em inform\u00e1tica, al\u00e9m de experi\u00eancia com r\u00e1dio HT. \u00c9 essencial que voc\u00ea tenha experi\u00eancia em atendimento e portaria, pois essas habilidades [&hellip;]<\/p>\n","protected":false},"author":1,"featured_media":0,"comment_status":"open","ping_status":"open","sticky":false,"template":"","format":"standard","meta":{"footnotes":""},"categories":[21],"tags":[],"class_list":["post-4350","post","type-post","status-publish","format-standard","hentry","category-rio-de-janeiro-rj"],"_links":{"self":[{"href":"https:\/\/vagas.portalemprego.com.br\/index.php?rest_route=\/wp\/v2\/posts\/4350","targetHints":{"allow":["GET"]}}],"collection":[{"href":"https:\/\/vagas.portalemprego.com.br\/index.php?rest_route=\/wp\/v2\/posts"}],"about":[{"href":"https:\/\/vagas.portalemprego.com.br\/index.php?rest_route=\/wp\/v2\/types\/post"}],"author":[{"embeddable":true,"href":"https:\/\/vagas.portalemprego.com.br\/index.php?rest_route=\/wp\/v2\/users\/1"}],"replies":[{"embeddable":true,"href":"https:\/\/vagas.portalemprego.com.br\/index.php?rest_route=%2Fwp%2Fv2%2Fcomments&post=4350"}],"version-history":[{"count":0,"href":"https:\/\/vagas.portalemprego.com.br\/index.php?rest_route=\/wp\/v2\/posts\/4350\/revisions"}],"wp:attachment":[{"href":"https:\/\/vagas.portalemprego.com.br\/index.php?rest_route=%2Fwp%2Fv2%2Fmedia&parent=4350"}],"wp:term":[{"taxonomy":"category","embeddable":true,"href":"https:\/\/vagas.portalemprego.com.br\/index.php?rest_route=%2Fwp%2Fv2%2Fcategories&post=4350"},{"taxonomy":"post_tag","embeddable":true,"href":"https:\/\/vagas.portalemprego.com.br\/index.php?rest_route=%2Fwp%2Fv2%2Ftags&post=4350"}],"curies":[{"name":"wp","href":"https:\/\/api.w.org\/{rel}","templated":true}]}}