{"id":4351,"date":"2026-04-29T06:26:26","date_gmt":"2026-04-29T09:26:26","guid":{"rendered":"https:\/\/vagas.portalemprego.com.br\/?p=4351"},"modified":"2026-04-29T06:26:26","modified_gmt":"2026-04-29T09:26:26","slug":"vendedora-miguel-pereira-rj-comercial-vendas-miguel-pereira","status":"publish","type":"post","link":"https:\/\/vagas.portalemprego.com.br\/?p=4351","title":{"rendered":"Vendedor(a) &#8211; Miguel Pereira &#8211; RJ &#8211; Comercial, Vendas &#8211; Miguel Pereira"},"content":{"rendered":"<p>Miss\u00e3o:<br \/>\nRealizar vendas de materiais e produtos voltados para o setor da constru\u00e7\u00e3o civil a seco, atendendo clientes de forma consultiva, identificando necessidades e oferecendo solu\u00e7\u00f5es adequadas. Atua na prospec\u00e7\u00e3o de novos clientes, manuten\u00e7\u00e3o da carteira existente e suporte no p\u00f3s-venda.<br \/>\nAtividades:<br \/>\nRealizar visitas estrat\u00e9gicas.<br \/>\nParticipar de feiras e eventos<br \/>\nAtender clientes presencialmente, por telefone e meios digitais.<br \/>\nRealizar prospec\u00e7\u00e3o de novos clientes e oportunidades de neg\u00f3cio.<br \/>\nElaborar or\u00e7amentos, propostas comerciais e acompanhar negocia\u00e7\u00f5es.<br \/>\nAcompanhar pedidos, prazos de entrega e garantir a satisfa\u00e7\u00e3o do cliente.<br \/>\nCumprir metas de vendas e indicadores de desempenho estabelecidos.<br \/>\nParticipar de treinamentos e manter-se atualizado sobre produtos e tend\u00eancias do setor.<br \/>\nRequisitos<br \/>\nS\u00f3lida experi\u00eancia em vendas. Ser\u00e1 um plus se for no ramo da constru\u00e7\u00e3o civil.<br \/>\nConhecimento de materiais de constru\u00e7\u00e3o, acabamentos e\/ou insumos t\u00e9cnicos.<br \/>\nBoa comunica\u00e7\u00e3o, negocia\u00e7\u00e3o e habilidade para relacionamento interpessoal.<br \/>\nEnsino m\u00e9dio completo (desej\u00e1vel superior cursando em \u00e1reas relacionadas).<br \/>\nDom\u00ednio b\u00e1sico de ferramentas digitais (Excel, CRM, e-mail, WhatsApp Business e outros).<\/p>\n<p>Informa\u00e7\u00f5es complementares<br \/>\nRemunera\u00e7\u00e3o + Comiss\u00e3o at\u00e9 3%<\/p>\n<ul>\n<li>Local de trabalho: Miguel Pereira, RJ<\/li>\n<li>Regime de contrata\u00e7\u00e3o de tipo: Efetivo \u2013 CLT<\/li>\n<li>Jornada: Per\u00edodo Integral<\/li>\n<li>\u00c1rea e especializa\u00e7\u00e3o profissional: Comercial, Vendas &#8211; Venda T\u00e9cnica<\/li>\n<li>N\u00edvel hier\u00e1rquico: Analista<\/li>\n<\/ul>\n<p>HABILIDADES<\/p>\n<ul>\n<li>Atitude Positiva<\/li>\n<li>Focado em metas<\/li>\n<li>Foco em resultados<\/li>\n<li>Vis\u00e3o Consultiva<\/li>\n<li>Orienta\u00e7\u00e3o para solu\u00e7\u00e3o<\/li>\n<\/ul>\n<p>Escolaridade M\u00ednima: Ensino M\u00e9dio (2\u00ba Grau)<\/p>\n","protected":false},"excerpt":{"rendered":"<p>Miss\u00e3o: Realizar vendas de materiais e produtos voltados para o setor da constru\u00e7\u00e3o civil a seco, atendendo clientes de forma consultiva, identificando necessidades e oferecendo solu\u00e7\u00f5es adequadas. Atua na prospec\u00e7\u00e3o de novos clientes, manuten\u00e7\u00e3o da carteira existente e suporte no p\u00f3s-venda. Atividades: Realizar visitas estrat\u00e9gicas. Participar de feiras e eventos Atender clientes presencialmente, por telefone [&hellip;]<\/p>\n","protected":false},"author":1,"featured_media":0,"comment_status":"open","ping_status":"open","sticky":false,"template":"","format":"standard","meta":{"footnotes":""},"categories":[21],"tags":[],"class_list":["post-4351","post","type-post","status-publish","format-standard","hentry","category-rio-de-janeiro-rj"],"_links":{"self":[{"href":"https:\/\/vagas.portalemprego.com.br\/index.php?rest_route=\/wp\/v2\/posts\/4351","targetHints":{"allow":["GET"]}}],"collection":[{"href":"https:\/\/vagas.portalemprego.com.br\/index.php?rest_route=\/wp\/v2\/posts"}],"about":[{"href":"https:\/\/vagas.portalemprego.com.br\/index.php?rest_route=\/wp\/v2\/types\/post"}],"author":[{"embeddable":true,"href":"https:\/\/vagas.portalemprego.com.br\/index.php?rest_route=\/wp\/v2\/users\/1"}],"replies":[{"embeddable":true,"href":"https:\/\/vagas.portalemprego.com.br\/index.php?rest_route=%2Fwp%2Fv2%2Fcomments&post=4351"}],"version-history":[{"count":0,"href":"https:\/\/vagas.portalemprego.com.br\/index.php?rest_route=\/wp\/v2\/posts\/4351\/revisions"}],"wp:attachment":[{"href":"https:\/\/vagas.portalemprego.com.br\/index.php?rest_route=%2Fwp%2Fv2%2Fmedia&parent=4351"}],"wp:term":[{"taxonomy":"category","embeddable":true,"href":"https:\/\/vagas.portalemprego.com.br\/index.php?rest_route=%2Fwp%2Fv2%2Fcategories&post=4351"},{"taxonomy":"post_tag","embeddable":true,"href":"https:\/\/vagas.portalemprego.com.br\/index.php?rest_route=%2Fwp%2Fv2%2Ftags&post=4351"}],"curies":[{"name":"wp","href":"https:\/\/api.w.org\/{rel}","templated":true}]}}