{"id":4352,"date":"2026-04-29T06:26:26","date_gmt":"2026-04-29T09:26:26","guid":{"rendered":"https:\/\/vagas.portalemprego.com.br\/?p=4352"},"modified":"2026-04-29T06:26:26","modified_gmt":"2026-04-29T09:26:26","slug":"tecnico-de-manutencao-construcao-manutencao-sao-joao-da-barra","status":"publish","type":"post","link":"https:\/\/vagas.portalemprego.com.br\/?p=4352","title":{"rendered":"T\u00e9cnico de Manuten\u00e7\u00e3o &#8211; Constru\u00e7\u00e3o, Manuten\u00e7\u00e3o &#8211; S\u00e3o Jo\u00e3o da Barra"},"content":{"rendered":"<p>Voc\u00ea \u00e9 um profissional que gosta de resolver problemas t\u00e9cnicos e garantir o bom funcionamento de m\u00e1quinas? Temos a oportunidade certa para voc\u00ea!<\/p>\n<p>Suas responsabilidades incluir\u00e3o:<br \/>\nManuten\u00e7\u00e3o e conserto de equipamentos da cozinha (fog\u00e3o industrial, forno combinado, geladeira, camara, etc.)<br \/>\nReparos el\u00e9tricos e hidr\u00e1ulicos<br \/>\nManuten\u00e7\u00e3o preventiva para evitar falhas<br \/>\nInstala\u00e7\u00e3o de equipamentos<br \/>\nGarantir seguran\u00e7a no uso (g\u00e1s, el\u00e9trica)<\/p>\n<p>O que buscamos:<br \/>\n-Forma\u00e7\u00e3o t\u00e9cnica (Mec\u00e2nica\/El\u00e9trica);<br \/>\n-Experi\u00eancia em manuten\u00e7\u00e3o industrial;<br \/>\n-Disponibilidade de hor\u00e1rio.<\/p>\n<p>Oferecemos:<br \/>\nDesenvolvimento profissional;<br \/>\nAmbiente din\u00e2mico e inovador.<br \/>\nLocal: S\u00e3o Jo\u00e3o da Barra<\/p>\n<ul>\n<li>Local de trabalho: S\u00e3o Jo\u00e3o da Barra, RJ<\/li>\n<li>Regime de contrata\u00e7\u00e3o de tipo: Efetivo \u2013 CLT<\/li>\n<li>Jornada: Per\u00edodo Integral<\/li>\n<li>\u00c1rea e especializa\u00e7\u00e3o profissional: Constru\u00e7\u00e3o, Manuten\u00e7\u00e3o &#8211; Manuten\u00e7\u00e3o em Geral<\/li>\n<li>N\u00edvel hier\u00e1rquico: Operacional<\/li>\n<\/ul>\n<p>Escolaridade M\u00ednima: Curso T\u00e9cnico<\/p>\n<ul>\n<li>SAL\u00c1RIO COMPAT\u00cdVEL<\/li>\n<li>VAN FRETADA<\/li>\n<li>PLANO DE SA\u00daDE<\/li>\n<li>PLANO ODONTOL\u00d3GICO<\/li>\n<li>SEGURO DE VIDA EM GRUPO<\/li>\n<li>CESTA B\u00c1SICA<\/li>\n<\/ul>\n","protected":false},"excerpt":{"rendered":"<p>Voc\u00ea \u00e9 um profissional que gosta de resolver problemas t\u00e9cnicos e garantir o bom funcionamento de m\u00e1quinas? Temos a oportunidade certa para voc\u00ea! Suas responsabilidades incluir\u00e3o: Manuten\u00e7\u00e3o e conserto de equipamentos da cozinha (fog\u00e3o industrial, forno combinado, geladeira, camara, etc.) Reparos el\u00e9tricos e hidr\u00e1ulicos Manuten\u00e7\u00e3o preventiva para evitar falhas Instala\u00e7\u00e3o de equipamentos Garantir seguran\u00e7a no [&hellip;]<\/p>\n","protected":false},"author":1,"featured_media":0,"comment_status":"open","ping_status":"open","sticky":false,"template":"","format":"standard","meta":{"footnotes":""},"categories":[21],"tags":[],"class_list":["post-4352","post","type-post","status-publish","format-standard","hentry","category-rio-de-janeiro-rj"],"_links":{"self":[{"href":"https:\/\/vagas.portalemprego.com.br\/index.php?rest_route=\/wp\/v2\/posts\/4352","targetHints":{"allow":["GET"]}}],"collection":[{"href":"https:\/\/vagas.portalemprego.com.br\/index.php?rest_route=\/wp\/v2\/posts"}],"about":[{"href":"https:\/\/vagas.portalemprego.com.br\/index.php?rest_route=\/wp\/v2\/types\/post"}],"author":[{"embeddable":true,"href":"https:\/\/vagas.portalemprego.com.br\/index.php?rest_route=\/wp\/v2\/users\/1"}],"replies":[{"embeddable":true,"href":"https:\/\/vagas.portalemprego.com.br\/index.php?rest_route=%2Fwp%2Fv2%2Fcomments&post=4352"}],"version-history":[{"count":0,"href":"https:\/\/vagas.portalemprego.com.br\/index.php?rest_route=\/wp\/v2\/posts\/4352\/revisions"}],"wp:attachment":[{"href":"https:\/\/vagas.portalemprego.com.br\/index.php?rest_route=%2Fwp%2Fv2%2Fmedia&parent=4352"}],"wp:term":[{"taxonomy":"category","embeddable":true,"href":"https:\/\/vagas.portalemprego.com.br\/index.php?rest_route=%2Fwp%2Fv2%2Fcategories&post=4352"},{"taxonomy":"post_tag","embeddable":true,"href":"https:\/\/vagas.portalemprego.com.br\/index.php?rest_route=%2Fwp%2Fv2%2Ftags&post=4352"}],"curies":[{"name":"wp","href":"https:\/\/api.w.org\/{rel}","templated":true}]}}