{"id":4354,"date":"2026-04-29T06:26:26","date_gmt":"2026-04-29T09:26:26","guid":{"rendered":"https:\/\/vagas.portalemprego.com.br\/?p=4354"},"modified":"2026-04-29T06:26:26","modified_gmt":"2026-04-29T09:26:26","slug":"estagiario-comercial-vendas-resende","status":"publish","type":"post","link":"https:\/\/vagas.portalemprego.com.br\/?p=4354","title":{"rendered":"Estagi\u00e1rio &#8211; Comercial, Vendas &#8211; Resende"},"content":{"rendered":"<p>Empresa em busca de Estagi\u00e1rio comercial, para atuar em multinacional na regi\u00e3o de Resende RJ.<br \/>\n Carga hor\u00e1ria: 6 horas di\u00e1rias<br \/>\nAtividades<br \/>\nApoiar a equipe comercial no atendimento a clientes e leads;<br \/>\nAuxiliar na prospec\u00e7\u00e3o de novos clientes (telefone, e-mail, WhatsApp e CRM);<br \/>\nAtualizar e organizar informa\u00e7\u00f5es no sistema\/CRM;<br \/>\nElaborar relat\u00f3rios comerciais e acompanhar indicadores de vendas;<br \/>\nDar suporte na elabora\u00e7\u00e3o de propostas comerciais;<br \/>\nAcompanhar o funil de vendas e o p\u00f3s-venda;<br \/>\nApoiar a\u00e7\u00f5es comerciais e estrat\u00e9gicas da \u00e1rea.<br \/>\nRequisitos<br \/>\nCursando Ensino Superior em Administra\u00e7\u00e3o, Gest\u00e3o Comercial, Marketing, Economia ou \u00e1reas correlatas;<br \/>\nConhecimento b\u00e1sico em Pacote Office (principalmente Excel);<br \/>\nBoa comunica\u00e7\u00e3o verbal e escrita;<br \/>\nOrganiza\u00e7\u00e3o, proatividade e vontade de aprender.<br \/>\nHor\u00e1rio: 08h00 as 15:00 de segunda a sexta<\/p>\n<ul>\n<li>Local de trabalho: Resende, RJ<\/li>\n<li>Regime de contrata\u00e7\u00e3o de tipo: Est\u00e1gio<\/li>\n<li>Jornada: Parcial manh\u00e3s<\/li>\n<li>\u00c1rea e especializa\u00e7\u00e3o profissional: Comercial, Vendas &#8211; Atendimento<\/li>\n<li>N\u00edvel hier\u00e1rquico: Estagi\u00e1rio<\/li>\n<\/ul>\n<p>VALORIZADO<\/p>\n<p>Tempo de experi\u00eancia: Sem experi\u00eancia<\/p>\n<p>Escolaridade M\u00ednima: Ensino Superior<\/p>\n<ul>\n<li>Fretado<\/li>\n<li>Assist\u00eancia medica<\/li>\n<li>Vale refei\u00e7\u00e3o<\/li>\n<li>Alimenta\u00e7\u00e3o no local<\/li>\n<\/ul>\n","protected":false},"excerpt":{"rendered":"<p>Empresa em busca de Estagi\u00e1rio comercial, para atuar em multinacional na regi\u00e3o de Resende RJ. Carga hor\u00e1ria: 6 horas di\u00e1rias Atividades Apoiar a equipe comercial no atendimento a clientes e leads; Auxiliar na prospec\u00e7\u00e3o de novos clientes (telefone, e-mail, WhatsApp e CRM); Atualizar e organizar informa\u00e7\u00f5es no sistema\/CRM; Elaborar relat\u00f3rios comerciais e acompanhar indicadores de [&hellip;]<\/p>\n","protected":false},"author":1,"featured_media":0,"comment_status":"open","ping_status":"open","sticky":false,"template":"","format":"standard","meta":{"footnotes":""},"categories":[21],"tags":[],"class_list":["post-4354","post","type-post","status-publish","format-standard","hentry","category-rio-de-janeiro-rj"],"_links":{"self":[{"href":"https:\/\/vagas.portalemprego.com.br\/index.php?rest_route=\/wp\/v2\/posts\/4354","targetHints":{"allow":["GET"]}}],"collection":[{"href":"https:\/\/vagas.portalemprego.com.br\/index.php?rest_route=\/wp\/v2\/posts"}],"about":[{"href":"https:\/\/vagas.portalemprego.com.br\/index.php?rest_route=\/wp\/v2\/types\/post"}],"author":[{"embeddable":true,"href":"https:\/\/vagas.portalemprego.com.br\/index.php?rest_route=\/wp\/v2\/users\/1"}],"replies":[{"embeddable":true,"href":"https:\/\/vagas.portalemprego.com.br\/index.php?rest_route=%2Fwp%2Fv2%2Fcomments&post=4354"}],"version-history":[{"count":0,"href":"https:\/\/vagas.portalemprego.com.br\/index.php?rest_route=\/wp\/v2\/posts\/4354\/revisions"}],"wp:attachment":[{"href":"https:\/\/vagas.portalemprego.com.br\/index.php?rest_route=%2Fwp%2Fv2%2Fmedia&parent=4354"}],"wp:term":[{"taxonomy":"category","embeddable":true,"href":"https:\/\/vagas.portalemprego.com.br\/index.php?rest_route=%2Fwp%2Fv2%2Fcategories&post=4354"},{"taxonomy":"post_tag","embeddable":true,"href":"https:\/\/vagas.portalemprego.com.br\/index.php?rest_route=%2Fwp%2Fv2%2Ftags&post=4354"}],"curies":[{"name":"wp","href":"https:\/\/api.w.org\/{rel}","templated":true}]}}