{"id":4358,"date":"2026-04-29T06:26:26","date_gmt":"2026-04-29T09:26:26","guid":{"rendered":"https:\/\/vagas.portalemprego.com.br\/?p=4358"},"modified":"2026-04-29T06:26:26","modified_gmt":"2026-04-29T09:26:26","slug":"enfermeiro-assistencial-saude-rio-de-janeiro","status":"publish","type":"post","link":"https:\/\/vagas.portalemprego.com.br\/?p=4358","title":{"rendered":"Enfermeiro Assistencial &#8211; Sa\u00fade &#8211; Rio de Janeiro"},"content":{"rendered":"<p>A Adecco em parceria com empresa do setor de sa\u00fade de origem francesa\u00a0(especializada em cuidados humanizados para idosos)\u00a0busca de profissionais com expertise e interesse no cargo de\u00a0Enfermeiro (a) Assistencial\u00a0para atua\u00e7\u00e3o em projeto inicialmente tempor\u00e1rio.<br \/>\n\u00a0<br \/>\nAtribui\u00e7\u00f5es\/Atividades:<br \/>\n&#8211; Cuidados de maior complexidade t\u00e9cnica e risco de vida;\u00a0<br \/>\n&#8211; Administra\u00e7\u00e3o de medicamentos e realiza\u00e7\u00e3o de curativos;<br \/>\n&#8211; Verifica\u00e7\u00e3o e monitoramento de sinais vitais;<br \/>\n&#8211; Cuidados de higiene, conforto e alimenta\u00e7\u00e3o;<br \/>\n&#8211; Atendimento \u00e0s necessidades e solicita\u00e7\u00f5es dos residentes;<br \/>\n&#8211; Identifica\u00e7\u00e3o das necessidades dos idosos e elabora\u00e7\u00e3o do plano de cuidados;<br \/>\n&#8211; Prescri\u00e7\u00e3o da assist\u00eancia de enfermagem;<br \/>\n&#8211; Supervis\u00e3o da equipe de enfermagem e cuidadores;\u00a0<br \/>\n&#8211; Orienta\u00e7\u00e3o aos residentes e familiares sobre cuidados;<br \/>\n&#8211; Promo\u00e7\u00e3o da sa\u00fade mental e bem-estar;<br \/>\n&#8211; Registro detalhado no prontu\u00e1rio dos cuidados e observa\u00e7\u00f5es;<br \/>\n&#8211; Comunica\u00e7\u00e3o de intercorr\u00eancias e altera\u00e7\u00f5es no estado de sa\u00fade;\u00a0<br \/>\n&#8211; Preven\u00e7\u00e3o de agravos e promo\u00e7\u00e3o da reabilita\u00e7\u00e3o.<br \/>\nRequisitos:<br \/>\n&#8211; Experi\u00eancia com Enfermeiro Assistencial.<br \/>\n&#8211; Viv\u00eancia em tratativas relacionadas aos componentes da equipe de enfermagem e dos familiares dos residentes;<br \/>\n&#8211; Ser\u00e1 um diferencial a viv\u00eancia com IPLI&#8217;s ((Institui\u00e7\u00f5es de Longa Perman\u00eancia para Idosos), casas de repouso, resid\u00eancias terap\u00eauticas e correlatos;<br \/>\n&#8211; Disponibilidade para atuar em escala 12&#215;36 (diurno ou noturno).<\/p>\n<ul>\n<li>Local de trabalho: Rio de Janeiro, RJ<\/li>\n<li>Regime de contrata\u00e7\u00e3o de tipo: Tempor\u00e1rio<\/li>\n<li>Jornada: Per\u00edodo Integral<\/li>\n<li>\u00c1rea e especializa\u00e7\u00e3o profissional: Sa\u00fade &#8211; Enfermagem<\/li>\n<li>N\u00edvel hier\u00e1rquico: Especialista<\/li>\n<\/ul>\n<p>VALORIZADO<\/p>\n<p>Tempo de experi\u00eancia: Entre 1 e 3 anos<\/p>\n<p>Escolaridade M\u00ednima: Ensino Superior<\/p>\n<ul>\n<li>Vale-alimenta\u00e7\u00e3o<\/li>\n<li>Vale-transporte<\/li>\n<\/ul>\n<p>Sal\u00e1rio: 4000,0<\/p>\n","protected":false},"excerpt":{"rendered":"<p>A Adecco em parceria com empresa do setor de sa\u00fade de origem francesa\u00a0(especializada em cuidados humanizados para idosos)\u00a0busca de profissionais com expertise e interesse no cargo de\u00a0Enfermeiro (a) Assistencial\u00a0para atua\u00e7\u00e3o em projeto inicialmente tempor\u00e1rio. \u00a0 Atribui\u00e7\u00f5es\/Atividades: &#8211; Cuidados de maior complexidade t\u00e9cnica e risco de vida;\u00a0 &#8211; Administra\u00e7\u00e3o de medicamentos e realiza\u00e7\u00e3o de curativos; &#8211; [&hellip;]<\/p>\n","protected":false},"author":1,"featured_media":0,"comment_status":"open","ping_status":"open","sticky":false,"template":"","format":"standard","meta":{"footnotes":""},"categories":[21],"tags":[],"class_list":["post-4358","post","type-post","status-publish","format-standard","hentry","category-rio-de-janeiro-rj"],"_links":{"self":[{"href":"https:\/\/vagas.portalemprego.com.br\/index.php?rest_route=\/wp\/v2\/posts\/4358","targetHints":{"allow":["GET"]}}],"collection":[{"href":"https:\/\/vagas.portalemprego.com.br\/index.php?rest_route=\/wp\/v2\/posts"}],"about":[{"href":"https:\/\/vagas.portalemprego.com.br\/index.php?rest_route=\/wp\/v2\/types\/post"}],"author":[{"embeddable":true,"href":"https:\/\/vagas.portalemprego.com.br\/index.php?rest_route=\/wp\/v2\/users\/1"}],"replies":[{"embeddable":true,"href":"https:\/\/vagas.portalemprego.com.br\/index.php?rest_route=%2Fwp%2Fv2%2Fcomments&post=4358"}],"version-history":[{"count":0,"href":"https:\/\/vagas.portalemprego.com.br\/index.php?rest_route=\/wp\/v2\/posts\/4358\/revisions"}],"wp:attachment":[{"href":"https:\/\/vagas.portalemprego.com.br\/index.php?rest_route=%2Fwp%2Fv2%2Fmedia&parent=4358"}],"wp:term":[{"taxonomy":"category","embeddable":true,"href":"https:\/\/vagas.portalemprego.com.br\/index.php?rest_route=%2Fwp%2Fv2%2Fcategories&post=4358"},{"taxonomy":"post_tag","embeddable":true,"href":"https:\/\/vagas.portalemprego.com.br\/index.php?rest_route=%2Fwp%2Fv2%2Ftags&post=4358"}],"curies":[{"name":"wp","href":"https:\/\/api.w.org\/{rel}","templated":true}]}}