{"id":4359,"date":"2026-04-29T06:26:26","date_gmt":"2026-04-29T09:26:26","guid":{"rendered":"https:\/\/vagas.portalemprego.com.br\/?p=4359"},"modified":"2026-04-29T06:26:26","modified_gmt":"2026-04-29T09:26:26","slug":"atendente-de-restaurante-vaga-exclusiva-para-pessoas-com-deficiencia-pcd-alimentacao-gastronomia-resende","status":"publish","type":"post","link":"https:\/\/vagas.portalemprego.com.br\/?p=4359","title":{"rendered":"Atendente de Restaurante -Vaga EXCLUSIVA para Pessoas com Defici\u00eancia (PcD) &#8211; Alimenta\u00e7\u00e3o \/ Gastronomia &#8211; Resende"},"content":{"rendered":"<p>Preparar e montar os pedidos de acordo com os padr\u00f5es de qualidade da empresa.<br \/>\nAtender os clientes de forma cordial, r\u00e1pida e eficiente, garantindo uma excelente experi\u00eancia.<br \/>\nManter o ambiente de trabalho e os equipamentos sempre limpos e organizados, seguindo as normas de higiene e seguran\u00e7a.<\/p>\n<p>Benef\u00edcios<br \/>\nVale transporte<br \/>\nRefei\u00e7\u00e3o no local<br \/>\nGympass<br \/>\nAssist\u00eancia m\u00e9dica<br \/>\nAssist\u00eancia odontol\u00f3gica<br \/>\nPremia\u00e7\u00e3o por resultado (PPR semestral)<br \/>\nSeguro de vida<br \/>\nPrograma de Apoio Pessoal<br \/>\nPlano de Carreira<\/p>\n<p>Jornada de trabalho: Escala 6&#215;1, hor\u00e1rio a combinar<\/p>\n<ul>\n<li>N\u00famero de vagas: 3<\/li>\n<li>Local de trabalho: Resende, RJ<\/li>\n<li>Regime de contrata\u00e7\u00e3o de tipo: Efetivo \u2013 CLT<\/li>\n<li>Jornada: Per\u00edodo Integral<\/li>\n<li>\u00c1rea e especializa\u00e7\u00e3o profissional: Alimenta\u00e7\u00e3o \/ Gastronomia &#8211; Atendente \/ Recep\u00e7\u00e3o \/ Gar\u00e7om<\/li>\n<li>N\u00edvel hier\u00e1rquico: Operacional<\/li>\n<\/ul>\n<p>Escolaridade M\u00ednima: Ensino Fundamental (1\u00ba grau)<\/p>\n","protected":false},"excerpt":{"rendered":"<p>Preparar e montar os pedidos de acordo com os padr\u00f5es de qualidade da empresa. Atender os clientes de forma cordial, r\u00e1pida e eficiente, garantindo uma excelente experi\u00eancia. Manter o ambiente de trabalho e os equipamentos sempre limpos e organizados, seguindo as normas de higiene e seguran\u00e7a. Benef\u00edcios Vale transporte Refei\u00e7\u00e3o no local Gympass Assist\u00eancia m\u00e9dica [&hellip;]<\/p>\n","protected":false},"author":1,"featured_media":0,"comment_status":"open","ping_status":"open","sticky":false,"template":"","format":"standard","meta":{"footnotes":""},"categories":[21],"tags":[],"class_list":["post-4359","post","type-post","status-publish","format-standard","hentry","category-rio-de-janeiro-rj"],"_links":{"self":[{"href":"https:\/\/vagas.portalemprego.com.br\/index.php?rest_route=\/wp\/v2\/posts\/4359","targetHints":{"allow":["GET"]}}],"collection":[{"href":"https:\/\/vagas.portalemprego.com.br\/index.php?rest_route=\/wp\/v2\/posts"}],"about":[{"href":"https:\/\/vagas.portalemprego.com.br\/index.php?rest_route=\/wp\/v2\/types\/post"}],"author":[{"embeddable":true,"href":"https:\/\/vagas.portalemprego.com.br\/index.php?rest_route=\/wp\/v2\/users\/1"}],"replies":[{"embeddable":true,"href":"https:\/\/vagas.portalemprego.com.br\/index.php?rest_route=%2Fwp%2Fv2%2Fcomments&post=4359"}],"version-history":[{"count":0,"href":"https:\/\/vagas.portalemprego.com.br\/index.php?rest_route=\/wp\/v2\/posts\/4359\/revisions"}],"wp:attachment":[{"href":"https:\/\/vagas.portalemprego.com.br\/index.php?rest_route=%2Fwp%2Fv2%2Fmedia&parent=4359"}],"wp:term":[{"taxonomy":"category","embeddable":true,"href":"https:\/\/vagas.portalemprego.com.br\/index.php?rest_route=%2Fwp%2Fv2%2Fcategories&post=4359"},{"taxonomy":"post_tag","embeddable":true,"href":"https:\/\/vagas.portalemprego.com.br\/index.php?rest_route=%2Fwp%2Fv2%2Ftags&post=4359"}],"curies":[{"name":"wp","href":"https:\/\/api.w.org\/{rel}","templated":true}]}}