{"id":436,"date":"2026-04-29T06:30:30","date_gmt":"2026-04-29T09:30:30","guid":{"rendered":"https:\/\/vagas.portalemprego.com.br\/?p=436"},"modified":"2026-04-29T06:30:30","modified_gmt":"2026-04-29T09:30:30","slug":"musicoterapeuta-niteroi-rj","status":"publish","type":"post","link":"https:\/\/vagas.portalemprego.com.br\/?p=436","title":{"rendered":"Musicoterapeuta &#8211; Niter\u00f3i, RJ"},"content":{"rendered":"<p>Descri\u00e7\u00e3o: <\/p>\n<p><p class=\"ql-align-justify\">A vaga de Musicoterapeuta no ESPACO CEL \u00e9 uma oportunidade para um profissional com habilidade e comprometimento em trabalhar com crian\u00e7as e adolescentes com transtornos do neurodesenvolvimento e altera\u00e7\u00f5es neurol\u00f3gicas. A empresa \u00e9 uma cl\u00ednica interdisciplinar especializada em cuidado a pacientes do nascimento aos 16 anos de idade, incluindo casos de TEA, paralisia cerebral e S\u00edndrome de Down (T-21), a localiza\u00e7\u00e3o de trabalho \u00e9 em Niter\u00f3i &#8211; RJ e o tipo de contrata\u00e7\u00e3o \u00e9 PJ. <\/p>\n<p class=\"ql-align-justify\">O Musicoterapeuta ser\u00e1 respons\u00e1vel pela habilita\u00e7\u00e3o ou reabilita\u00e7\u00e3o de crian\u00e7as e adolescentes neurodivergentes, utilizando interven\u00e7\u00f5es, protocolos de avalia\u00e7\u00e3o e procedimentos espec\u00edficos da Musicoterapia.<\/p>\n<p class=\"ql-align-justify\">Se voc\u00ea \u00e9 um profissional comprometido com o cuidado integral e a inclus\u00e3o social de crian\u00e7as e adolescentes neurodivergentes, ent\u00e3o essa vaga pode ser a perfeita op\u00e7\u00e3o para voc\u00ea.<\/p>\n<p><\/p>\n<\/p>\n<p>Requisitos desejados: <\/p>\n<ul>\n<li class=\"ql-align-justify\">Gradua\u00e7\u00e3o ou P\u00f3s Gradua\u00e7\u00e3o completa em Musicoterapia;<\/li>\n<li class=\"ql-align-justify\">Experi\u00eancia com crian\u00e7as com Transtornos do Neurodesenvolvimento.<\/li>\n<\/ul>\n<p><\/p><\/p>\n","protected":false},"excerpt":{"rendered":"<p>Descri\u00e7\u00e3o: A vaga de Musicoterapeuta no ESPACO CEL \u00e9 uma oportunidade para um profissional com habilidade e comprometimento em trabalhar com crian\u00e7as e adolescentes com transtornos do neurodesenvolvimento e altera\u00e7\u00f5es neurol\u00f3gicas. A empresa \u00e9 uma cl\u00ednica interdisciplinar especializada em cuidado a pacientes do nascimento aos 16 anos de idade, incluindo casos de TEA, paralisia cerebral [&hellip;]<\/p>\n","protected":false},"author":1,"featured_media":0,"comment_status":"open","ping_status":"open","sticky":false,"template":"","format":"standard","meta":{"footnotes":""},"categories":[21],"tags":[],"class_list":["post-436","post","type-post","status-publish","format-standard","hentry","category-rio-de-janeiro-rj"],"_links":{"self":[{"href":"https:\/\/vagas.portalemprego.com.br\/index.php?rest_route=\/wp\/v2\/posts\/436","targetHints":{"allow":["GET"]}}],"collection":[{"href":"https:\/\/vagas.portalemprego.com.br\/index.php?rest_route=\/wp\/v2\/posts"}],"about":[{"href":"https:\/\/vagas.portalemprego.com.br\/index.php?rest_route=\/wp\/v2\/types\/post"}],"author":[{"embeddable":true,"href":"https:\/\/vagas.portalemprego.com.br\/index.php?rest_route=\/wp\/v2\/users\/1"}],"replies":[{"embeddable":true,"href":"https:\/\/vagas.portalemprego.com.br\/index.php?rest_route=%2Fwp%2Fv2%2Fcomments&post=436"}],"version-history":[{"count":0,"href":"https:\/\/vagas.portalemprego.com.br\/index.php?rest_route=\/wp\/v2\/posts\/436\/revisions"}],"wp:attachment":[{"href":"https:\/\/vagas.portalemprego.com.br\/index.php?rest_route=%2Fwp%2Fv2%2Fmedia&parent=436"}],"wp:term":[{"taxonomy":"category","embeddable":true,"href":"https:\/\/vagas.portalemprego.com.br\/index.php?rest_route=%2Fwp%2Fv2%2Fcategories&post=436"},{"taxonomy":"post_tag","embeddable":true,"href":"https:\/\/vagas.portalemprego.com.br\/index.php?rest_route=%2Fwp%2Fv2%2Ftags&post=436"}],"curies":[{"name":"wp","href":"https:\/\/api.w.org\/{rel}","templated":true}]}}