{"id":4363,"date":"2026-04-29T06:27:27","date_gmt":"2026-04-29T09:27:27","guid":{"rendered":"https:\/\/vagas.portalemprego.com.br\/?p=4363"},"modified":"2026-04-29T06:27:27","modified_gmt":"2026-04-29T09:27:27","slug":"auxiliar-administrativo-de-vendas-administracao-rio-de-janeiro","status":"publish","type":"post","link":"https:\/\/vagas.portalemprego.com.br\/?p=4363","title":{"rendered":"Auxiliar Administrativo de Vendas &#8211; Administra\u00e7\u00e3o &#8211; Rio de Janeiro"},"content":{"rendered":"<p>Cobran\u00e7a de pend\u00eancias dos representantes;<br \/>\nAcompanhamento de vendas dos representantes at\u00e9 o fechamento;<br \/>\nControle de planilhas e relat\u00f3rios de vendas;<br \/>\nAtendimento a representantes, vendedores e clientes, por telefone, e-mail ou WhatsApp;<br \/>\nAtualiza\u00e7\u00e3o de cadastros de representantes\/vendedores;<br \/>\nEmiss\u00e3o de pedidos de venda no sistema;<br \/>\nAcompanhamento de entregas e prazos com log\u00edstica ou expedi\u00e7\u00e3o;<br \/>\nApoio \u00e0 equipe comercial com informa\u00e7\u00f5es e materiais de vendas. Experi\u00eancia em cobran\u00e7a e vendas;<br \/>\nConhecimento b\u00e1sico em Excel;<br \/>\nEnsino m\u00e9dio completo.<\/p>\n<ul>\n<li>Local de trabalho: Rio de Janeiro, RJ<\/li>\n<li>Regime de contrata\u00e7\u00e3o de tipo: Efetivo \u2013 CLT<\/li>\n<li>Jornada: Per\u00edodo Integral<\/li>\n<li>\u00c1rea e especializa\u00e7\u00e3o profissional: Administra\u00e7\u00e3o &#8211; Administra\u00e7\u00e3o Geral<\/li>\n<li>N\u00edvel hier\u00e1rquico: Auxiliar<\/li>\n<\/ul>\n<p>VALORIZADO<\/p>\n<p>Tempo de experi\u00eancia: Menos de 1 ano<\/p>\n<p>Escolaridade M\u00ednima: Ensino Fundamental (1\u00ba grau)<\/p>\n<p>Forma\u00e7\u00e3o desejada:<\/p>\n<ul>\n<li>, Ensino Fundamental (1\u00ba grau)<\/li>\n<\/ul>\n<ul>\n<li>Assist\u00eancia M\u00e9dica \/ Medicina em grupo<\/li>\n<li>Vale Transporte<\/li>\n<li>Assist\u00eancia Odontol\u00f3gica<\/li>\n<li>Seguro de Vida em Grupo<\/li>\n<li>Restaurante na empresa<\/li>\n<\/ul>\n","protected":false},"excerpt":{"rendered":"<p>Cobran\u00e7a de pend\u00eancias dos representantes; Acompanhamento de vendas dos representantes at\u00e9 o fechamento; Controle de planilhas e relat\u00f3rios de vendas; Atendimento a representantes, vendedores e clientes, por telefone, e-mail ou WhatsApp; Atualiza\u00e7\u00e3o de cadastros de representantes\/vendedores; Emiss\u00e3o de pedidos de venda no sistema; Acompanhamento de entregas e prazos com log\u00edstica ou expedi\u00e7\u00e3o; Apoio \u00e0 equipe [&hellip;]<\/p>\n","protected":false},"author":1,"featured_media":0,"comment_status":"open","ping_status":"open","sticky":false,"template":"","format":"standard","meta":{"footnotes":""},"categories":[21],"tags":[],"class_list":["post-4363","post","type-post","status-publish","format-standard","hentry","category-rio-de-janeiro-rj"],"_links":{"self":[{"href":"https:\/\/vagas.portalemprego.com.br\/index.php?rest_route=\/wp\/v2\/posts\/4363","targetHints":{"allow":["GET"]}}],"collection":[{"href":"https:\/\/vagas.portalemprego.com.br\/index.php?rest_route=\/wp\/v2\/posts"}],"about":[{"href":"https:\/\/vagas.portalemprego.com.br\/index.php?rest_route=\/wp\/v2\/types\/post"}],"author":[{"embeddable":true,"href":"https:\/\/vagas.portalemprego.com.br\/index.php?rest_route=\/wp\/v2\/users\/1"}],"replies":[{"embeddable":true,"href":"https:\/\/vagas.portalemprego.com.br\/index.php?rest_route=%2Fwp%2Fv2%2Fcomments&post=4363"}],"version-history":[{"count":0,"href":"https:\/\/vagas.portalemprego.com.br\/index.php?rest_route=\/wp\/v2\/posts\/4363\/revisions"}],"wp:attachment":[{"href":"https:\/\/vagas.portalemprego.com.br\/index.php?rest_route=%2Fwp%2Fv2%2Fmedia&parent=4363"}],"wp:term":[{"taxonomy":"category","embeddable":true,"href":"https:\/\/vagas.portalemprego.com.br\/index.php?rest_route=%2Fwp%2Fv2%2Fcategories&post=4363"},{"taxonomy":"post_tag","embeddable":true,"href":"https:\/\/vagas.portalemprego.com.br\/index.php?rest_route=%2Fwp%2Fv2%2Ftags&post=4363"}],"curies":[{"name":"wp","href":"https:\/\/api.w.org\/{rel}","templated":true}]}}