{"id":4364,"date":"2026-04-29T06:27:27","date_gmt":"2026-04-29T09:27:27","guid":{"rendered":"https:\/\/vagas.portalemprego.com.br\/?p=4364"},"modified":"2026-04-29T06:27:27","modified_gmt":"2026-04-29T09:27:27","slug":"analista-de-recrutamento-e-selecao-recursos-humanos-rio-de-janeiro-3","status":"publish","type":"post","link":"https:\/\/vagas.portalemprego.com.br\/?p=4364","title":{"rendered":"Analista de Recrutamento e Sele\u00e7\u00e3o &#8211; Recursos Humanos &#8211; Rio de Janeiro"},"content":{"rendered":"<p>Alinhar perfil e requisitos da vaga com as \u00e1reas solicitantes;<br \/>\nRealizar divulga\u00e7\u00e3o de vagas em diferentes canais;<br \/>\nTriagem e abordagem de candidatos;<br \/>\nCondu\u00e7\u00e3o de entrevistas individuais e\/ou din\u00e2micas;<br \/>\nAcompanhamento do aceite da proposta e fechamento da vaga. Experi\u00eancia pr\u00e9via comprovada com recrutamento de perfis comerciais;<br \/>\nViv\u00eancia com grande volume de vagas ser\u00e1 um diferencial;<br \/>\nBoa comunica\u00e7\u00e3o e capacidade de conduzir entrevistas assertivas;<br \/>\nOrganiza\u00e7\u00e3o e senso de urg\u00eancia.<\/p>\n<ul>\n<li>Local de trabalho: Rio de Janeiro, RJ<\/li>\n<li>Regime de contrata\u00e7\u00e3o de tipo: Efetivo \u2013 CLT<\/li>\n<li>Jornada: Per\u00edodo Integral<\/li>\n<li>\u00c1rea e especializa\u00e7\u00e3o profissional: Recursos Humanos &#8211; Recursos Humanos (Generalista)<\/li>\n<li>N\u00edvel hier\u00e1rquico: Especialista<\/li>\n<\/ul>\n<p>VALORIZADO<\/p>\n<p>Tempo de experi\u00eancia: Menos de 1 ano<\/p>\n<p>Escolaridade M\u00ednima: Ensino Fundamental (1\u00ba grau)<\/p>\n<p>Forma\u00e7\u00e3o desejada:<\/p>\n<ul>\n<li>, Ensino Fundamental (1\u00ba grau)<\/li>\n<\/ul>\n<ul>\n<li>Assist\u00eancia M\u00e9dica \/ Medicina em grupo<\/li>\n<li>Assist\u00eancia Odontol\u00f3gica<\/li>\n<li>Seguro de Vida em Grupo<\/li>\n<li>Restaurante na empresa<\/li>\n<li>Vale Transporte<\/li>\n<\/ul>\n<p>Sal\u00e1rio: 3000,0<\/p>\n","protected":false},"excerpt":{"rendered":"<p>Alinhar perfil e requisitos da vaga com as \u00e1reas solicitantes; Realizar divulga\u00e7\u00e3o de vagas em diferentes canais; Triagem e abordagem de candidatos; Condu\u00e7\u00e3o de entrevistas individuais e\/ou din\u00e2micas; Acompanhamento do aceite da proposta e fechamento da vaga. Experi\u00eancia pr\u00e9via comprovada com recrutamento de perfis comerciais; Viv\u00eancia com grande volume de vagas ser\u00e1 um diferencial; Boa [&hellip;]<\/p>\n","protected":false},"author":1,"featured_media":0,"comment_status":"open","ping_status":"open","sticky":false,"template":"","format":"standard","meta":{"footnotes":""},"categories":[21],"tags":[],"class_list":["post-4364","post","type-post","status-publish","format-standard","hentry","category-rio-de-janeiro-rj"],"_links":{"self":[{"href":"https:\/\/vagas.portalemprego.com.br\/index.php?rest_route=\/wp\/v2\/posts\/4364","targetHints":{"allow":["GET"]}}],"collection":[{"href":"https:\/\/vagas.portalemprego.com.br\/index.php?rest_route=\/wp\/v2\/posts"}],"about":[{"href":"https:\/\/vagas.portalemprego.com.br\/index.php?rest_route=\/wp\/v2\/types\/post"}],"author":[{"embeddable":true,"href":"https:\/\/vagas.portalemprego.com.br\/index.php?rest_route=\/wp\/v2\/users\/1"}],"replies":[{"embeddable":true,"href":"https:\/\/vagas.portalemprego.com.br\/index.php?rest_route=%2Fwp%2Fv2%2Fcomments&post=4364"}],"version-history":[{"count":0,"href":"https:\/\/vagas.portalemprego.com.br\/index.php?rest_route=\/wp\/v2\/posts\/4364\/revisions"}],"wp:attachment":[{"href":"https:\/\/vagas.portalemprego.com.br\/index.php?rest_route=%2Fwp%2Fv2%2Fmedia&parent=4364"}],"wp:term":[{"taxonomy":"category","embeddable":true,"href":"https:\/\/vagas.portalemprego.com.br\/index.php?rest_route=%2Fwp%2Fv2%2Fcategories&post=4364"},{"taxonomy":"post_tag","embeddable":true,"href":"https:\/\/vagas.portalemprego.com.br\/index.php?rest_route=%2Fwp%2Fv2%2Ftags&post=4364"}],"curies":[{"name":"wp","href":"https:\/\/api.w.org\/{rel}","templated":true}]}}