{"id":4366,"date":"2026-04-29T06:27:27","date_gmt":"2026-04-29T09:27:27","guid":{"rendered":"https:\/\/vagas.portalemprego.com.br\/?p=4366"},"modified":"2026-04-29T06:27:27","modified_gmt":"2026-04-29T09:27:27","slug":"auxiliar-de-construcao-de-rede-optica-informatica-ti-telecomunicacoes-sao-joao-de-meriti","status":"publish","type":"post","link":"https:\/\/vagas.portalemprego.com.br\/?p=4366","title":{"rendered":"Auxiliar de Constru\u00e7\u00e3o de Rede \u00d3ptica &#8211; Inform\u00e1tica, TI, Telecomunica\u00e7\u00f5es &#8211; S\u00e3o Jo\u00e3o de Meriti"},"content":{"rendered":"<p>Atividades:<br \/>\n&#8211; Auxiliar os oficiais de rede em suas atribui\u00e7\u00f5es di\u00e1rias;<br \/>\n&#8211; Organizar os materiais e insumos para execu\u00e7\u00e3o das atividades, bem como acondicionamento dos mesmos no ve\u00edculo da equipe;<br \/>\n&#8211; Auxiliar nas instala\u00e7\u00f5es das ferragens em postes e lan\u00e7amento de cabos.<br \/>\nRequisitos:<br \/>\nForma\u00e7\u00e3o acad\u00eamica: 2\u00b0 grau completo;<br \/>\nExperi\u00eancia m\u00ednima e desej\u00e1vel:<br \/>\n&#8211; Viv\u00eancia em constru\u00e7\u00e3o de rede optica na parte de lan\u00e7amento de cabos, equipagem de postes e\/ou prepara\u00e7\u00e3o de cabos para fus\u00f5es opticas;<br \/>\nCompet\u00eancias t\u00e9cnicas espec\u00edficas:<br \/>\n&#8211; Conhecimento de materiais de rede e cabos;<br \/>\n#Experis #Manpower #Constru\u00e7\u00e3o #Redes<\/p>\n<ul>\n<li>Local de trabalho: S\u00e3o Jo\u00e3o de Meriti, RJ<\/li>\n<li>Regime de contrata\u00e7\u00e3o de tipo: Efetivo \u2013 CLT<\/li>\n<li>Jornada: Per\u00edodo Integral<\/li>\n<li>\u00c1rea e especializa\u00e7\u00e3o profissional: Inform\u00e1tica, TI, Telecomunica\u00e7\u00f5es &#8211; Telecomunica\u00e7\u00f5es<\/li>\n<li>N\u00edvel hier\u00e1rquico: Auxiliar<\/li>\n<\/ul>\n<p>VALORIZADO<\/p>\n<p>Tempo de experi\u00eancia: Menos de 1 ano<\/p>\n<p>Escolaridade M\u00ednima: Ensino M\u00e9dio (2\u00ba Grau)<\/p>\n<ul>\n<li>Seguro de Vida<\/li>\n<li>Assist\u00eancia M\u00e9dica<\/li>\n<li>Assist\u00eancia odontol\u00f3gica<\/li>\n<li>Vale Refei\u00e7\u00e3o\/Alimenta\u00e7\u00e3o<\/li>\n<li>Aux\u00edlio Creche<\/li>\n<li>Vale Transporte<\/li>\n<li>Participa\u00e7\u00e3o de Lucros<\/li>\n<\/ul>\n<p>Sal\u00e1rio: 3082,0<\/p>\n","protected":false},"excerpt":{"rendered":"<p>Atividades: &#8211; Auxiliar os oficiais de rede em suas atribui\u00e7\u00f5es di\u00e1rias; &#8211; Organizar os materiais e insumos para execu\u00e7\u00e3o das atividades, bem como acondicionamento dos mesmos no ve\u00edculo da equipe; &#8211; Auxiliar nas instala\u00e7\u00f5es das ferragens em postes e lan\u00e7amento de cabos. Requisitos: Forma\u00e7\u00e3o acad\u00eamica: 2\u00b0 grau completo; Experi\u00eancia m\u00ednima e desej\u00e1vel: &#8211; Viv\u00eancia em [&hellip;]<\/p>\n","protected":false},"author":1,"featured_media":0,"comment_status":"open","ping_status":"open","sticky":false,"template":"","format":"standard","meta":{"footnotes":""},"categories":[21],"tags":[],"class_list":["post-4366","post","type-post","status-publish","format-standard","hentry","category-rio-de-janeiro-rj"],"_links":{"self":[{"href":"https:\/\/vagas.portalemprego.com.br\/index.php?rest_route=\/wp\/v2\/posts\/4366","targetHints":{"allow":["GET"]}}],"collection":[{"href":"https:\/\/vagas.portalemprego.com.br\/index.php?rest_route=\/wp\/v2\/posts"}],"about":[{"href":"https:\/\/vagas.portalemprego.com.br\/index.php?rest_route=\/wp\/v2\/types\/post"}],"author":[{"embeddable":true,"href":"https:\/\/vagas.portalemprego.com.br\/index.php?rest_route=\/wp\/v2\/users\/1"}],"replies":[{"embeddable":true,"href":"https:\/\/vagas.portalemprego.com.br\/index.php?rest_route=%2Fwp%2Fv2%2Fcomments&post=4366"}],"version-history":[{"count":0,"href":"https:\/\/vagas.portalemprego.com.br\/index.php?rest_route=\/wp\/v2\/posts\/4366\/revisions"}],"wp:attachment":[{"href":"https:\/\/vagas.portalemprego.com.br\/index.php?rest_route=%2Fwp%2Fv2%2Fmedia&parent=4366"}],"wp:term":[{"taxonomy":"category","embeddable":true,"href":"https:\/\/vagas.portalemprego.com.br\/index.php?rest_route=%2Fwp%2Fv2%2Fcategories&post=4366"},{"taxonomy":"post_tag","embeddable":true,"href":"https:\/\/vagas.portalemprego.com.br\/index.php?rest_route=%2Fwp%2Fv2%2Ftags&post=4366"}],"curies":[{"name":"wp","href":"https:\/\/api.w.org\/{rel}","templated":true}]}}