{"id":4375,"date":"2026-04-29T06:27:27","date_gmt":"2026-04-29T09:27:27","guid":{"rendered":"https:\/\/vagas.portalemprego.com.br\/?p=4375"},"modified":"2026-04-29T06:27:27","modified_gmt":"2026-04-29T09:27:27","slug":"tecnico-eletrotecnico-junior-externo-construcao-manutencao-rio-de-janeiro","status":"publish","type":"post","link":"https:\/\/vagas.portalemprego.com.br\/?p=4375","title":{"rendered":"T\u00e9cnico Eletrot\u00e9cnico J\u00fanior &#8211; Externo &#8211; Constru\u00e7\u00e3o, Manuten\u00e7\u00e3o &#8211; Rio de Janeiro"},"content":{"rendered":"<p>Estamos em busca de um profissional qualificado para atuar no atendimento das ordens de servi\u00e7o; realizar levantamentos de campo, coletando dados e informa\u00e7\u00f5es com precis\u00e3o e qualidade, utilizando os instrumentos e aplicativos adequados; Elaborar croquis e relat\u00f3rios de campo; organizar e transmitir os dados levantados aos projetistas e engenheiros, assegurando integridade, precis\u00e3o e cumprimento dos prazos estabelecidos. Realizar condu\u00e7\u00e3o de ve\u00edculos automotores de forma n\u00e3o profissional.<br \/>\nLocal de atua\u00e7\u00e3o:<br \/>\nS\u00e3o Gon\u00e7alo<br \/>\nNiter\u00f3i<br \/>\nPetr\u00f3polis<\/p>\n<ul>\n<li>N\u00famero de vagas: 3<\/li>\n<li>Local de trabalho: Rio de Janeiro, RJ<\/li>\n<li>Regime de contrata\u00e7\u00e3o de tipo: Efetivo \u2013 CLT<\/li>\n<li>Jornada: Per\u00edodo Integral<\/li>\n<li>\u00c1rea e especializa\u00e7\u00e3o profissional: Constru\u00e7\u00e3o, Manuten\u00e7\u00e3o &#8211; Eletricista \/ Manuten\u00e7\u00e3o El\u00e9trica<\/li>\n<li>N\u00edvel hier\u00e1rquico: Operacional<\/li>\n<\/ul>\n<p>HABILIDADES<\/p>\n<ul>\n<li>T\u00e9cnico em Eletrot\u00e9cnica<\/li>\n<li>CNH categoria B<\/li>\n<\/ul>\n<p>Escolaridade M\u00ednima: Curso T\u00e9cnico<\/p>\n<p>Forma\u00e7\u00e3o desejada:<\/p>\n<ul>\n<li>Eletrot\u00e9cnica, Curso T\u00e9cnico<\/li>\n<\/ul>\n<p>Habilita\u00e7\u00e3o para dirigir: B<\/p>\n<ul>\n<li>Vale alimenta\u00e7\u00e3o<\/li>\n<li>Vale transporte<\/li>\n<li>Plano de sa\u00fade<\/li>\n<li>Plano Odontol\u00f3gico<\/li>\n<li>Wellhub<\/li>\n<li>Parceria com institui\u00e7\u00f5es de ensino<\/li>\n<li>Seguro de vida<\/li>\n<\/ul>\n<p>Sal\u00e1rio: 2000,0<\/p>\n","protected":false},"excerpt":{"rendered":"<p>Estamos em busca de um profissional qualificado para atuar no atendimento das ordens de servi\u00e7o; realizar levantamentos de campo, coletando dados e informa\u00e7\u00f5es com precis\u00e3o e qualidade, utilizando os instrumentos e aplicativos adequados; Elaborar croquis e relat\u00f3rios de campo; organizar e transmitir os dados levantados aos projetistas e engenheiros, assegurando integridade, precis\u00e3o e cumprimento dos [&hellip;]<\/p>\n","protected":false},"author":1,"featured_media":0,"comment_status":"open","ping_status":"open","sticky":false,"template":"","format":"standard","meta":{"footnotes":""},"categories":[21],"tags":[],"class_list":["post-4375","post","type-post","status-publish","format-standard","hentry","category-rio-de-janeiro-rj"],"_links":{"self":[{"href":"https:\/\/vagas.portalemprego.com.br\/index.php?rest_route=\/wp\/v2\/posts\/4375","targetHints":{"allow":["GET"]}}],"collection":[{"href":"https:\/\/vagas.portalemprego.com.br\/index.php?rest_route=\/wp\/v2\/posts"}],"about":[{"href":"https:\/\/vagas.portalemprego.com.br\/index.php?rest_route=\/wp\/v2\/types\/post"}],"author":[{"embeddable":true,"href":"https:\/\/vagas.portalemprego.com.br\/index.php?rest_route=\/wp\/v2\/users\/1"}],"replies":[{"embeddable":true,"href":"https:\/\/vagas.portalemprego.com.br\/index.php?rest_route=%2Fwp%2Fv2%2Fcomments&post=4375"}],"version-history":[{"count":0,"href":"https:\/\/vagas.portalemprego.com.br\/index.php?rest_route=\/wp\/v2\/posts\/4375\/revisions"}],"wp:attachment":[{"href":"https:\/\/vagas.portalemprego.com.br\/index.php?rest_route=%2Fwp%2Fv2%2Fmedia&parent=4375"}],"wp:term":[{"taxonomy":"category","embeddable":true,"href":"https:\/\/vagas.portalemprego.com.br\/index.php?rest_route=%2Fwp%2Fv2%2Fcategories&post=4375"},{"taxonomy":"post_tag","embeddable":true,"href":"https:\/\/vagas.portalemprego.com.br\/index.php?rest_route=%2Fwp%2Fv2%2Ftags&post=4375"}],"curies":[{"name":"wp","href":"https:\/\/api.w.org\/{rel}","templated":true}]}}