{"id":4376,"date":"2026-04-29T06:27:27","date_gmt":"2026-04-29T09:27:27","guid":{"rendered":"https:\/\/vagas.portalemprego.com.br\/?p=4376"},"modified":"2026-04-29T06:27:27","modified_gmt":"2026-04-29T09:27:27","slug":"coordenador-de-manutencao-construcao-manutencao-itaperuna","status":"publish","type":"post","link":"https:\/\/vagas.portalemprego.com.br\/?p=4376","title":{"rendered":"Coordenador de Manuten\u00e7\u00e3o &#8211; Constru\u00e7\u00e3o, Manuten\u00e7\u00e3o &#8211; Itaperuna"},"content":{"rendered":"<p>Contrato Tempor\u00e1rio 120 dias<br \/>\nFabrica de Alimentos &#8211;  Queijos e Latic\u00ednios<br \/>\nConhecimento com m\u00e1quina Sig<\/p>\n<p>Se preferir, encaminhe seu curr\u00edculo para o WhatsApp:  11 3539-9377<\/p>\n<p>Coordenar as atividades de manuten\u00e7\u00e3o Mec\u00e2nica, El\u00e9trica, Eletr\u00f4nica, Hidr\u00e1ulica e Pneum\u00e1tica, nas manuten\u00e7\u00f5es corretiva, preventiva e preditiva, nas instala\u00e7\u00f5es, m\u00e1quinas e equipamentos, da empresa bem como de manuten\u00e7\u00e3o predial abrangendo a constru\u00e7\u00e3o ou reforma de pequenas obras de alvenaria, mantendo-os em condi\u00e7\u00f5es adequadas de funcionamento, assim como coordenar os servi\u00e7os de equipes terceirizadas, controlando o cumprimento de prazos, custos e qualidade dos servi\u00e7os, programando e supervisionando os servi\u00e7os e instala\u00e7\u00f5es em geral, paradas de produ\u00e7\u00e3o, adequa\u00e7\u00e3o de layout e instala\u00e7\u00f5es, visando aumentar a vida dos equipamentos e manter a unidade e seus equipamentos dispon\u00edveis para utiliza\u00e7\u00e3o e em pleno funcionamento.<\/p>\n<ul>\n<li>Local de trabalho: Itaperuna, RJ<\/li>\n<li>Regime de contrata\u00e7\u00e3o de tipo: Tempor\u00e1rio<\/li>\n<li>Jornada: Per\u00edodo Integral<\/li>\n<li>\u00c1rea e especializa\u00e7\u00e3o profissional: Constru\u00e7\u00e3o, Manuten\u00e7\u00e3o &#8211; Manuten\u00e7\u00e3o em Geral<\/li>\n<li>N\u00edvel hier\u00e1rquico: Supervisor<\/li>\n<\/ul>\n<p>VALORIZADO<\/p>\n<p>Tempo de experi\u00eancia: Entre 1 e 3 anos<\/p>\n<p>Escolaridade M\u00ednima: Ensino Superior<\/p>\n","protected":false},"excerpt":{"rendered":"<p>Contrato Tempor\u00e1rio 120 dias Fabrica de Alimentos &#8211; Queijos e Latic\u00ednios Conhecimento com m\u00e1quina Sig Se preferir, encaminhe seu curr\u00edculo para o WhatsApp: 11 3539-9377 Coordenar as atividades de manuten\u00e7\u00e3o Mec\u00e2nica, El\u00e9trica, Eletr\u00f4nica, Hidr\u00e1ulica e Pneum\u00e1tica, nas manuten\u00e7\u00f5es corretiva, preventiva e preditiva, nas instala\u00e7\u00f5es, m\u00e1quinas e equipamentos, da empresa bem como de manuten\u00e7\u00e3o predial abrangendo [&hellip;]<\/p>\n","protected":false},"author":1,"featured_media":0,"comment_status":"open","ping_status":"open","sticky":false,"template":"","format":"standard","meta":{"footnotes":""},"categories":[21],"tags":[],"class_list":["post-4376","post","type-post","status-publish","format-standard","hentry","category-rio-de-janeiro-rj"],"_links":{"self":[{"href":"https:\/\/vagas.portalemprego.com.br\/index.php?rest_route=\/wp\/v2\/posts\/4376","targetHints":{"allow":["GET"]}}],"collection":[{"href":"https:\/\/vagas.portalemprego.com.br\/index.php?rest_route=\/wp\/v2\/posts"}],"about":[{"href":"https:\/\/vagas.portalemprego.com.br\/index.php?rest_route=\/wp\/v2\/types\/post"}],"author":[{"embeddable":true,"href":"https:\/\/vagas.portalemprego.com.br\/index.php?rest_route=\/wp\/v2\/users\/1"}],"replies":[{"embeddable":true,"href":"https:\/\/vagas.portalemprego.com.br\/index.php?rest_route=%2Fwp%2Fv2%2Fcomments&post=4376"}],"version-history":[{"count":0,"href":"https:\/\/vagas.portalemprego.com.br\/index.php?rest_route=\/wp\/v2\/posts\/4376\/revisions"}],"wp:attachment":[{"href":"https:\/\/vagas.portalemprego.com.br\/index.php?rest_route=%2Fwp%2Fv2%2Fmedia&parent=4376"}],"wp:term":[{"taxonomy":"category","embeddable":true,"href":"https:\/\/vagas.portalemprego.com.br\/index.php?rest_route=%2Fwp%2Fv2%2Fcategories&post=4376"},{"taxonomy":"post_tag","embeddable":true,"href":"https:\/\/vagas.portalemprego.com.br\/index.php?rest_route=%2Fwp%2Fv2%2Ftags&post=4376"}],"curies":[{"name":"wp","href":"https:\/\/api.w.org\/{rel}","templated":true}]}}