{"id":4377,"date":"2026-04-29T06:27:27","date_gmt":"2026-04-29T09:27:27","guid":{"rendered":"https:\/\/vagas.portalemprego.com.br\/?p=4377"},"modified":"2026-04-29T06:27:27","modified_gmt":"2026-04-29T09:27:27","slug":"haight-gerente-de-loja-shopping-rio-design-barra-comercial-vendas-rio-de-janeiro-2","status":"publish","type":"post","link":"https:\/\/vagas.portalemprego.com.br\/?p=4377","title":{"rendered":"Haight | Gerente de Loja &#8211; Shopping Rio Design Barra &#8211; Comercial, Vendas &#8211; Rio de Janeiro"},"content":{"rendered":"<p>A partir do feminino, propomos novos caminhos na rela\u00e7\u00e3o entre praia e cultura contempor\u00e2nea.<br \/>\nAqui, cada presen\u00e7a \u00e9 fundamental. Individualidades conectadas para expandirmos alcances e acolhermos novas perspectivas. Colabora\u00e7\u00e3o, escuta ativa e \u00e9tica fazem parte dos nossos valores e os quais buscamos em todas.<\/p>\n<p>Hoje s\u00e3o 7 lojas no Brasil, no Rio e em S\u00e3o Paulo, com novos projetos de crescimento no horizonte.<\/p>\n<p>CARACTER\u00cdSTICAS QUE BUSCAMOS<\/p>\n<p>Identifica\u00e7\u00e3o com a Haight e seus valores: Colabora\u00e7\u00e3o, Escuta Ativa, Representatividade, \u00c9tica, Sustentabilidade nos processos, Inova\u00e7\u00e3o, Compromisso com a realiza\u00e7\u00e3o;<br \/>\nIdentifica\u00e7\u00e3o com o momento atual da Haight de crescimento e expans\u00e3o. Disposi\u00e7\u00e3o e interesse em al\u00e7ar novos v\u00f4os;<br \/>\nQueremos criar v\u00ednculos e estreitar la\u00e7os, por isso, prezamos por profissionais que estabele\u00e7am e ofere\u00e7am o melhor atendimento a cliente;<br \/>\nProatividade, \u00f3timo relacionamento interpessoal, esp\u00edrito de equipe s\u00e3o fundamentais;<br \/>\nFlexibilidade de hor\u00e1rio com disponibilidade de finais de semana.<\/p>\n<p>Responsabilidades e atribui\u00e7\u00f5es<\/p>\n<p>Realizar gest\u00e3o da equipe e treinamentos;<br \/>\nAcompanhar os indicadores da loja e realizar apresenta\u00e7\u00f5es de resultados;<br \/>\nRealizar entrevistas de poss\u00edveis contrata\u00e7\u00f5es;<br \/>\nControle headcount;<br \/>\nReuni\u00f5es semanais com gerente regional;<br \/>\nGarantir a qualidade no atendimento as clientes;<br \/>\nContato com \u00e1reas de apoio da Matriz;<br \/>\nAcompanhar time\u00a0visual merchandising e garantir o padr\u00e3o desenhado para loja e campanhas;<br \/>\nRealizar as vendas do OmniChannel e elaborar estrat\u00e9gias de melhorias com o time;<br \/>\nRealizar eventos na loja de campanhas para as clientes;<br \/>\nEntre outras.<\/p>\n<p>Requisitos e qualifica\u00e7\u00f5es<\/p>\n<p>Ensino superior completo;<br \/>\nExperi\u00eancia como Gerente de loja;<br \/>\nExperi\u00eancia com varejo de moda;<br \/>\nDiferencial: Ingl\u00eas.<\/p>\n<ul>\n<li>Local de trabalho: Rio de Janeiro, RJ<\/li>\n<li>Regime de contrata\u00e7\u00e3o de tipo: Efetivo \u2013 CLT<\/li>\n<li>Jornada: Per\u00edodo Integral<\/li>\n<li>\u00c1rea e especializa\u00e7\u00e3o profissional: Comercial, Vendas &#8211; Lojas \/ Shopping<\/li>\n<li>N\u00edvel hier\u00e1rquico: Gerente<\/li>\n<\/ul>\n<p>Escolaridade M\u00ednima: Ensino Superior<\/p>\n","protected":false},"excerpt":{"rendered":"<p>A partir do feminino, propomos novos caminhos na rela\u00e7\u00e3o entre praia e cultura contempor\u00e2nea. Aqui, cada presen\u00e7a \u00e9 fundamental. Individualidades conectadas para expandirmos alcances e acolhermos novas perspectivas. Colabora\u00e7\u00e3o, escuta ativa e \u00e9tica fazem parte dos nossos valores e os quais buscamos em todas. Hoje s\u00e3o 7 lojas no Brasil, no Rio e em S\u00e3o [&hellip;]<\/p>\n","protected":false},"author":1,"featured_media":0,"comment_status":"open","ping_status":"open","sticky":false,"template":"","format":"standard","meta":{"footnotes":""},"categories":[21],"tags":[],"class_list":["post-4377","post","type-post","status-publish","format-standard","hentry","category-rio-de-janeiro-rj"],"_links":{"self":[{"href":"https:\/\/vagas.portalemprego.com.br\/index.php?rest_route=\/wp\/v2\/posts\/4377","targetHints":{"allow":["GET"]}}],"collection":[{"href":"https:\/\/vagas.portalemprego.com.br\/index.php?rest_route=\/wp\/v2\/posts"}],"about":[{"href":"https:\/\/vagas.portalemprego.com.br\/index.php?rest_route=\/wp\/v2\/types\/post"}],"author":[{"embeddable":true,"href":"https:\/\/vagas.portalemprego.com.br\/index.php?rest_route=\/wp\/v2\/users\/1"}],"replies":[{"embeddable":true,"href":"https:\/\/vagas.portalemprego.com.br\/index.php?rest_route=%2Fwp%2Fv2%2Fcomments&post=4377"}],"version-history":[{"count":0,"href":"https:\/\/vagas.portalemprego.com.br\/index.php?rest_route=\/wp\/v2\/posts\/4377\/revisions"}],"wp:attachment":[{"href":"https:\/\/vagas.portalemprego.com.br\/index.php?rest_route=%2Fwp%2Fv2%2Fmedia&parent=4377"}],"wp:term":[{"taxonomy":"category","embeddable":true,"href":"https:\/\/vagas.portalemprego.com.br\/index.php?rest_route=%2Fwp%2Fv2%2Fcategories&post=4377"},{"taxonomy":"post_tag","embeddable":true,"href":"https:\/\/vagas.portalemprego.com.br\/index.php?rest_route=%2Fwp%2Fv2%2Ftags&post=4377"}],"curies":[{"name":"wp","href":"https:\/\/api.w.org\/{rel}","templated":true}]}}