{"id":4380,"date":"2026-04-29T06:27:27","date_gmt":"2026-04-29T09:27:27","guid":{"rendered":"https:\/\/vagas.portalemprego.com.br\/?p=4380"},"modified":"2026-04-29T06:27:27","modified_gmt":"2026-04-29T09:27:27","slug":"vendedor-a-de-loja-shopping-plaza-macae-rj-comercial-vendas-macae","status":"publish","type":"post","link":"https:\/\/vagas.portalemprego.com.br\/?p=4380","title":{"rendered":"Vendedor (a) de Loja | Shopping Plaza Maca\u00e9 &#8211; RJ &#8211; Comercial, Vendas &#8211; Maca\u00e9"},"content":{"rendered":"<p>Voc\u00ea j\u00e1 pensou em trabalhar em uma empresa que se preocupa com a sustentabilidade? Voc\u00ea gosta de criar rela\u00e7\u00f5es, desenvolver equipe e de gerar boas experi\u00eancias? Voc\u00ea j\u00e1 se imaginou em um lugar que valoriza a diversidade? Voc\u00ea gosta de perfumes, cosm\u00e9ticos e maquiagem? Se voc\u00ea respondeu sim para todas essas perguntas, estamos procurando VOC\u00ca!<\/p>\n<p>Isso \u00e9 a NATURA!<\/p>\n<p>Atualmente temos mais de 1000 lojas abertas em todo Brasil e levamos nossa brasilidade para 9 pa\u00edses! O varejo \u00e9 um canal que gera experimenta\u00e7\u00e3o dos diversos produtos e estabelece rela\u00e7\u00f5es entre a Natura e nossos clientes.<\/p>\n<p>VIVA SUA BELEZA e venha trabalhar conosco! Te convidamos a avaliar essa oportunidade:<\/p>\n<p>Endere\u00e7o:\u00a0Av. Aluizio da Silva Gomes, 800 &#8211; Gl\u00f3ria, Maca\u00e9 &#8211; RJ, 27930-560<\/p>\n<p>O que estamos buscando?<br \/>\nBuscamos algu\u00e9m que valorize a venda consultiva e tenha como foco proporcionar uma experi\u00eancia positiva ao cliente.<\/p>\n<p>Principais Responsabilidades:<br \/>\nVoc\u00ea \u00e9 o principal representante da Natura para os consumidores, o embaixador da nossa marca! O seu desafio \u00e9 garantir uma experi\u00eancia diferenciada para o cliente atrav\u00e9s da demonstra\u00e7\u00e3o e experimenta\u00e7\u00e3o de produtos. Com foco em trabalho em equipe, ajudar a manter nosso espa\u00e7o Natura, fidelizar novos clientes e aumentar a base de consumidores da marca.<\/p>\n<p>Quais os requisitos?<br \/>\nEnsino m\u00e9dio completo;<br \/>\nExperi\u00eancia em atendimento ao p\u00fablico;<br \/>\nExperi\u00eancia no segmento de beleza (diferencial);<br \/>\nVontade de levar bem-estar e autoestima para diferentes clientes.<\/p>\n<p>Nossos Benef\u00edcios<br \/>\nVale Refei\u00e7\u00e3o<br \/>\nVale Transporte<br \/>\nAssist\u00eancia m\u00e9dica + seguro de vida<br \/>\nVale-presente Natura no seu anivers\u00e1rio<br \/>\nProdutos Natura com 40% off<\/p>\n<p>A Natura celebra e abra\u00e7a a diversidade em todas as suas formas e pluralidades! Convidamos as #Mulheres, pessoas #Negras, profissionais com defici\u00eancia (#PCD), pessoas pertencentes \u00e0s comunidades #LGBTQIA+ #Gestantes e profissionais de #QualquerIdade a se candidatarem a esta vaga!<\/p>\n<p>Caso queira saber mais informa\u00e7\u00f5es sobre como utilizamos seus dados pessoais para fins de recrutamento, consulte o Aviso de Privacidade do Grupo Natura para Candidatas\/os, acesse :https:\/\/static.rede.natura.net\/html\/07-2023\/global\/natura-co\/natura-co-global-aviso-para-candidatas-a-vagas.pdf<\/p>\n<ul>\n<li>Local de trabalho: Maca\u00e9, RJ<\/li>\n<li>Regime de contrata\u00e7\u00e3o de tipo: Efetivo \u2013 CLT<\/li>\n<li>Jornada: Per\u00edodo Integral<\/li>\n<li>\u00c1rea e especializa\u00e7\u00e3o profissional: Comercial, Vendas &#8211; Lojas \/ Shopping<\/li>\n<li>N\u00edvel hier\u00e1rquico: Assistente<\/li>\n<\/ul>\n<p>Escolaridade M\u00ednima: Ensino M\u00e9dio (2\u00ba Grau)<\/p>\n<ul>\n<li>Vale-alimenta\u00e7\u00e3o<\/li>\n<li>Vale-transporte<\/li>\n<li>Seguro de Vida<\/li>\n<li>Assist\u00eancia m\u00e9dica<\/li>\n<\/ul>\n","protected":false},"excerpt":{"rendered":"<p>Voc\u00ea j\u00e1 pensou em trabalhar em uma empresa que se preocupa com a sustentabilidade? Voc\u00ea gosta de criar rela\u00e7\u00f5es, desenvolver equipe e de gerar boas experi\u00eancias? Voc\u00ea j\u00e1 se imaginou em um lugar que valoriza a diversidade? Voc\u00ea gosta de perfumes, cosm\u00e9ticos e maquiagem? Se voc\u00ea respondeu sim para todas essas perguntas, estamos procurando VOC\u00ca! [&hellip;]<\/p>\n","protected":false},"author":1,"featured_media":0,"comment_status":"open","ping_status":"open","sticky":false,"template":"","format":"standard","meta":{"footnotes":""},"categories":[21],"tags":[],"class_list":["post-4380","post","type-post","status-publish","format-standard","hentry","category-rio-de-janeiro-rj"],"_links":{"self":[{"href":"https:\/\/vagas.portalemprego.com.br\/index.php?rest_route=\/wp\/v2\/posts\/4380","targetHints":{"allow":["GET"]}}],"collection":[{"href":"https:\/\/vagas.portalemprego.com.br\/index.php?rest_route=\/wp\/v2\/posts"}],"about":[{"href":"https:\/\/vagas.portalemprego.com.br\/index.php?rest_route=\/wp\/v2\/types\/post"}],"author":[{"embeddable":true,"href":"https:\/\/vagas.portalemprego.com.br\/index.php?rest_route=\/wp\/v2\/users\/1"}],"replies":[{"embeddable":true,"href":"https:\/\/vagas.portalemprego.com.br\/index.php?rest_route=%2Fwp%2Fv2%2Fcomments&post=4380"}],"version-history":[{"count":0,"href":"https:\/\/vagas.portalemprego.com.br\/index.php?rest_route=\/wp\/v2\/posts\/4380\/revisions"}],"wp:attachment":[{"href":"https:\/\/vagas.portalemprego.com.br\/index.php?rest_route=%2Fwp%2Fv2%2Fmedia&parent=4380"}],"wp:term":[{"taxonomy":"category","embeddable":true,"href":"https:\/\/vagas.portalemprego.com.br\/index.php?rest_route=%2Fwp%2Fv2%2Fcategories&post=4380"},{"taxonomy":"post_tag","embeddable":true,"href":"https:\/\/vagas.portalemprego.com.br\/index.php?rest_route=%2Fwp%2Fv2%2Ftags&post=4380"}],"curies":[{"name":"wp","href":"https:\/\/api.w.org\/{rel}","templated":true}]}}