{"id":4384,"date":"2026-04-29T06:27:27","date_gmt":"2026-04-29T09:27:27","guid":{"rendered":"https:\/\/vagas.portalemprego.com.br\/?p=4384"},"modified":"2026-04-29T06:27:27","modified_gmt":"2026-04-29T09:27:27","slug":"empregada-domestica-1398-servicos-gerais-rio-de-janeiro","status":"publish","type":"post","link":"https:\/\/vagas.portalemprego.com.br\/?p=4384","title":{"rendered":"Empregada Dom\u00e9stica #1398 &#8211; Servi\u00e7os Gerais &#8211; Rio de Janeiro"},"content":{"rendered":"<p>Buscamos Empregada Dom\u00e9stica para uma fam\u00edlia em Rio de Janeiro &#8211; Zona Sudoeste\/RJ.<br \/>\nAlgu\u00e9m respons\u00e1vel, dedicada e com experi\u00eancia comprovada em tarefas dom\u00e9sticas.<br \/>\nO trabalho envolve limpeza geral da casa, organiza\u00e7\u00e3o, cozinhar muito bem refei\u00e7\u00f5es saud\u00e1veis e equilibradas, tarefas de lavanderia, incluindo lavar, secar e passar roupas e cuidar de animais de estima\u00e7\u00e3o, se necess\u00e1rio.<br \/>\n\u00c9 importante que a candidata seja pontual, confi\u00e1vel, tenha capacidade f\u00edsica, experi\u00eancia comprovada (carta de refer\u00eancia) e disposi\u00e7\u00e3o para a rotina.<br \/>\nImportante ter f\u00e1cil acesso ao BRT, pois na regi\u00e3o n\u00e3o passa \u00f4nibus.<br \/>\nA jornada de trabalho \u00e9 de segunda a sexta, de 08h \u00e0s 17h, eventuais finais de semana, que ser\u00e3o solicitados com anteced\u00eancia e pago como hora extra.<\/p>\n<ul>\n<li>Local de trabalho: Rio de Janeiro, RJ<\/li>\n<li>Regime de contrata\u00e7\u00e3o de tipo: Efetivo \u2013 CLT<\/li>\n<li>Jornada: Per\u00edodo Integral<\/li>\n<li>\u00c1rea e especializa\u00e7\u00e3o profissional: Servi\u00e7os Gerais &#8211; Limpeza Dom\u00e9stica<\/li>\n<li>N\u00edvel hier\u00e1rquico: Operacional<\/li>\n<\/ul>\n<p>VALORIZADO<\/p>\n<p>Tempo de experi\u00eancia: Entre 3 e 5 anos<\/p>\n<p>Escolaridade M\u00ednima: Ensino M\u00e9dio (2\u00ba Grau)<\/p>\n<ul>\n<li>Vale Transporte<\/li>\n<li>Ambiente de trabalho respeitoso<\/li>\n<li>Reconhecimento<\/li>\n<li>Valoriza\u00e7\u00e3o profissional<\/li>\n<li>Uniforme<\/li>\n<li>Caf\u00e9 da manh\u00e3 e almo\u00e7o no local<\/li>\n<\/ul>\n","protected":false},"excerpt":{"rendered":"<p>Buscamos Empregada Dom\u00e9stica para uma fam\u00edlia em Rio de Janeiro &#8211; Zona Sudoeste\/RJ. Algu\u00e9m respons\u00e1vel, dedicada e com experi\u00eancia comprovada em tarefas dom\u00e9sticas. O trabalho envolve limpeza geral da casa, organiza\u00e7\u00e3o, cozinhar muito bem refei\u00e7\u00f5es saud\u00e1veis e equilibradas, tarefas de lavanderia, incluindo lavar, secar e passar roupas e cuidar de animais de estima\u00e7\u00e3o, se necess\u00e1rio. [&hellip;]<\/p>\n","protected":false},"author":1,"featured_media":0,"comment_status":"open","ping_status":"open","sticky":false,"template":"","format":"standard","meta":{"footnotes":""},"categories":[21],"tags":[],"class_list":["post-4384","post","type-post","status-publish","format-standard","hentry","category-rio-de-janeiro-rj"],"_links":{"self":[{"href":"https:\/\/vagas.portalemprego.com.br\/index.php?rest_route=\/wp\/v2\/posts\/4384","targetHints":{"allow":["GET"]}}],"collection":[{"href":"https:\/\/vagas.portalemprego.com.br\/index.php?rest_route=\/wp\/v2\/posts"}],"about":[{"href":"https:\/\/vagas.portalemprego.com.br\/index.php?rest_route=\/wp\/v2\/types\/post"}],"author":[{"embeddable":true,"href":"https:\/\/vagas.portalemprego.com.br\/index.php?rest_route=\/wp\/v2\/users\/1"}],"replies":[{"embeddable":true,"href":"https:\/\/vagas.portalemprego.com.br\/index.php?rest_route=%2Fwp%2Fv2%2Fcomments&post=4384"}],"version-history":[{"count":0,"href":"https:\/\/vagas.portalemprego.com.br\/index.php?rest_route=\/wp\/v2\/posts\/4384\/revisions"}],"wp:attachment":[{"href":"https:\/\/vagas.portalemprego.com.br\/index.php?rest_route=%2Fwp%2Fv2%2Fmedia&parent=4384"}],"wp:term":[{"taxonomy":"category","embeddable":true,"href":"https:\/\/vagas.portalemprego.com.br\/index.php?rest_route=%2Fwp%2Fv2%2Fcategories&post=4384"},{"taxonomy":"post_tag","embeddable":true,"href":"https:\/\/vagas.portalemprego.com.br\/index.php?rest_route=%2Fwp%2Fv2%2Ftags&post=4384"}],"curies":[{"name":"wp","href":"https:\/\/api.w.org\/{rel}","templated":true}]}}