{"id":4394,"date":"2026-04-29T06:28:28","date_gmt":"2026-04-29T09:28:28","guid":{"rendered":"https:\/\/vagas.portalemprego.com.br\/?p=4394"},"modified":"2026-04-29T06:28:28","modified_gmt":"2026-04-29T09:28:28","slug":"supervisor-de-operacoes-logisticas-logistica-rio-de-janeiro-2","status":"publish","type":"post","link":"https:\/\/vagas.portalemprego.com.br\/?p=4394","title":{"rendered":"Supervisor de Opera\u00e7\u00f5es Log\u00edsticas &#8211; Log\u00edstica &#8211; Rio de Janeiro"},"content":{"rendered":"<p>Principais Atividades:<br \/>\nPlanejar, coordenar e supervisionar as opera\u00e7\u00f5es log\u00edsticas do Centro de Distribui\u00e7\u00e3o, incluindo recebimento, armazenagem, separa\u00e7\u00e3o, confer\u00eancia, expedi\u00e7\u00e3o e transporte;<br \/>\nGerir l\u00edderes operacionais e equipes de grande porte, assegurando alinhamento com metas, processos e padr\u00f5es internos;<br \/>\nDefinir prioridades operacionais considerando volumes, prazos, capacidade produtiva e n\u00edvel de servi\u00e7o (SLA);<br \/>\nAcompanhar, analisar e apresentar indicadores de desempenho como produtividade, n\u00edvel de servi\u00e7o, avarias, retrabalho e custos operacionais;<br \/>\nIdentificar gargalos operacionais e implementar planos de a\u00e7\u00e3o estrat\u00e9gicos para melhoria de performance;<br \/>\nGarantir a correta utiliza\u00e7\u00e3o do sistema WMS, ader\u00eancia aos processos e qualidade das informa\u00e7\u00f5es operacionais;<br \/>\nApoiar projetos de melhoria cont\u00ednua, aumento de capacidade e otimiza\u00e7\u00e3o de recursos;<br \/>\nAtuar como elo entre a opera\u00e7\u00e3o e \u00e1reas administrativas (planejamento, transporte, comercial e qualidade);<br \/>\nAssegurar o cumprimento das normas de seguran\u00e7a, qualidade e procedimentos operacionais.<br \/>\nRequisitos<br \/>\nEnsino m\u00e9dio completo (desej\u00e1vel forma\u00e7\u00e3o t\u00e9cnica ou superior em Log\u00edstica, Administra\u00e7\u00e3o, Engenharia ou \u00e1reas correlatas);<br \/>\nExperi\u00eancia s\u00f3lida em opera\u00e7\u00f5es log\u00edsticas (Centro de Distribui\u00e7\u00e3o, armaz\u00e9m, expedi\u00e7\u00e3o ou transporte);<br \/>\nExperi\u00eancia comprovada em gest\u00e3o de equipes operacionais e lideran\u00e7a direta (times acima de 10 colaboradores);<br \/>\nConhecimento intermedi\u00e1rio em WMS;<br \/>\nExcel intermedi\u00e1rio, com foco em an\u00e1lise de dados, controles e indicadores.<br \/>\nDiferenciais<br \/>\nViv\u00eancia em opera\u00e7\u00f5es de alta volumetria e ambientes log\u00edsticos complexos;<br \/>\nForte atua\u00e7\u00e3o com indicadores log\u00edsticos e gest\u00e3o por performance;<br \/>\nExperi\u00eancia pr\u00e1tica com metodologias de melhoria cont\u00ednua (PDCA, Kaizen, 5S, Lean);<br \/>\nAtua\u00e7\u00e3o em opera\u00e7\u00f5es 24\/7 ou turnos noturnos;<br \/>\nParticipa\u00e7\u00e3o em projetos de aumento de capacidade, redu\u00e7\u00e3o de custos e melhoria do n\u00edvel de servi\u00e7o.<\/p>\n<p>Oportunidade aberta para pessoas com defici\u00eancia (PcD) e reabilitados do INSS.<\/p>\n<ul>\n<li>Local de trabalho: Rio de Janeiro, RJ<\/li>\n<li>Regime de contrata\u00e7\u00e3o de tipo: Efetivo \u2013 CLT<\/li>\n<li>Jornada: Per\u00edodo Integral<\/li>\n<li>\u00c1rea e especializa\u00e7\u00e3o profissional: Log\u00edstica &#8211; Log\u00edstica<\/li>\n<li>N\u00edvel hier\u00e1rquico: Supervisor<\/li>\n<\/ul>\n<p>VALORIZADO<\/p>\n<p>Tempo de experi\u00eancia: Entre 1 e 3 anos<\/p>\n<p>HABILIDADES<\/p>\n<ul>\n<li>Perfil proativo, orientado \u00e0 melhoria cont\u00ednua e desenvolvimento de pessoas.<\/li>\n<li>Lideran\u00e7a estrat\u00e9gica e forte senso de responsabilidade<\/li>\n<li>Capacidade anal\u00edtica e tomada de decis\u00e3o baseada em dados<\/li>\n<li>Comunica\u00e7\u00e3o clara, postura profissional e habilidade de negocia\u00e7\u00e3o<\/li>\n<li>Organiza\u00e7\u00e3o, vis\u00e3o sist\u00eamica e foco em resultados<\/li>\n<li>Capacidade de atuar sob press\u00e3o e gerenciar m\u00faltiplas demandas<\/li>\n<\/ul>\n<p>Escolaridade M\u00ednima: Ensino Superior<\/p>\n","protected":false},"excerpt":{"rendered":"<p>Principais Atividades: Planejar, coordenar e supervisionar as opera\u00e7\u00f5es log\u00edsticas do Centro de Distribui\u00e7\u00e3o, incluindo recebimento, armazenagem, separa\u00e7\u00e3o, confer\u00eancia, expedi\u00e7\u00e3o e transporte; Gerir l\u00edderes operacionais e equipes de grande porte, assegurando alinhamento com metas, processos e padr\u00f5es internos; Definir prioridades operacionais considerando volumes, prazos, capacidade produtiva e n\u00edvel de servi\u00e7o (SLA); Acompanhar, analisar e apresentar indicadores [&hellip;]<\/p>\n","protected":false},"author":1,"featured_media":0,"comment_status":"open","ping_status":"open","sticky":false,"template":"","format":"standard","meta":{"footnotes":""},"categories":[21],"tags":[],"class_list":["post-4394","post","type-post","status-publish","format-standard","hentry","category-rio-de-janeiro-rj"],"_links":{"self":[{"href":"https:\/\/vagas.portalemprego.com.br\/index.php?rest_route=\/wp\/v2\/posts\/4394","targetHints":{"allow":["GET"]}}],"collection":[{"href":"https:\/\/vagas.portalemprego.com.br\/index.php?rest_route=\/wp\/v2\/posts"}],"about":[{"href":"https:\/\/vagas.portalemprego.com.br\/index.php?rest_route=\/wp\/v2\/types\/post"}],"author":[{"embeddable":true,"href":"https:\/\/vagas.portalemprego.com.br\/index.php?rest_route=\/wp\/v2\/users\/1"}],"replies":[{"embeddable":true,"href":"https:\/\/vagas.portalemprego.com.br\/index.php?rest_route=%2Fwp%2Fv2%2Fcomments&post=4394"}],"version-history":[{"count":0,"href":"https:\/\/vagas.portalemprego.com.br\/index.php?rest_route=\/wp\/v2\/posts\/4394\/revisions"}],"wp:attachment":[{"href":"https:\/\/vagas.portalemprego.com.br\/index.php?rest_route=%2Fwp%2Fv2%2Fmedia&parent=4394"}],"wp:term":[{"taxonomy":"category","embeddable":true,"href":"https:\/\/vagas.portalemprego.com.br\/index.php?rest_route=%2Fwp%2Fv2%2Fcategories&post=4394"},{"taxonomy":"post_tag","embeddable":true,"href":"https:\/\/vagas.portalemprego.com.br\/index.php?rest_route=%2Fwp%2Fv2%2Ftags&post=4394"}],"curies":[{"name":"wp","href":"https:\/\/api.w.org\/{rel}","templated":true}]}}