{"id":4395,"date":"2026-04-29T06:28:28","date_gmt":"2026-04-29T09:28:28","guid":{"rendered":"https:\/\/vagas.portalemprego.com.br\/?p=4395"},"modified":"2026-04-29T06:28:28","modified_gmt":"2026-04-29T09:28:28","slug":"auxiliar-de-servicos-gerais-servicos-gerais-rio-de-janeiro-64","status":"publish","type":"post","link":"https:\/\/vagas.portalemprego.com.br\/?p=4395","title":{"rendered":"Auxiliar de Servi\u00e7os Gerais &#8211; Servi\u00e7os Gerais &#8211; Rio de Janeiro"},"content":{"rendered":"<p>?? VAGA ABERTA \u2013 ASG<br \/>\n?? Local: Leblon<br \/>\nEstamos contratando ASG (Auxiliar de Servi\u00e7os Gerais) para fazer parte da nossa equipe!<br \/>\n?? Remunera\u00e7\u00e3o:<br \/>\nSal\u00e1rio base: R$ 1.623,00<br \/>\nComiss\u00e3o: em torno de R$ 500,00<br \/>\n? Hor\u00e1rio de trabalho:<br \/>\nDas 16h \u00e0s 00h20 ou<br \/>\nDas 17h \u00e0 01h00<br \/>\n?? Local: Leblon<\/p>\n<ul>\n<li>Local de trabalho: Rio de Janeiro, RJ<\/li>\n<li>Regime de contrata\u00e7\u00e3o de tipo: Efetivo \u2013 CLT<\/li>\n<li>Jornada: Parcial noites<\/li>\n<li>\u00c1rea e especializa\u00e7\u00e3o profissional: Servi\u00e7os Gerais &#8211; Limpeza<\/li>\n<li>N\u00edvel hier\u00e1rquico: Auxiliar<\/li>\n<\/ul>\n<p>Escolaridade M\u00ednima: Ensino M\u00e9dio (2\u00ba Grau)<\/p>\n<p>Sal\u00e1rio: 2123,0<\/p>\n","protected":false},"excerpt":{"rendered":"<p>?? VAGA ABERTA \u2013 ASG ?? Local: Leblon Estamos contratando ASG (Auxiliar de Servi\u00e7os Gerais) para fazer parte da nossa equipe! ?? Remunera\u00e7\u00e3o: Sal\u00e1rio base: R$ 1.623,00 Comiss\u00e3o: em torno de R$ 500,00 ? Hor\u00e1rio de trabalho: Das 16h \u00e0s 00h20 ou Das 17h \u00e0 01h00 ?? Local: Leblon Local de trabalho: Rio de Janeiro, [&hellip;]<\/p>\n","protected":false},"author":1,"featured_media":0,"comment_status":"open","ping_status":"open","sticky":false,"template":"","format":"standard","meta":{"footnotes":""},"categories":[21],"tags":[],"class_list":["post-4395","post","type-post","status-publish","format-standard","hentry","category-rio-de-janeiro-rj"],"_links":{"self":[{"href":"https:\/\/vagas.portalemprego.com.br\/index.php?rest_route=\/wp\/v2\/posts\/4395","targetHints":{"allow":["GET"]}}],"collection":[{"href":"https:\/\/vagas.portalemprego.com.br\/index.php?rest_route=\/wp\/v2\/posts"}],"about":[{"href":"https:\/\/vagas.portalemprego.com.br\/index.php?rest_route=\/wp\/v2\/types\/post"}],"author":[{"embeddable":true,"href":"https:\/\/vagas.portalemprego.com.br\/index.php?rest_route=\/wp\/v2\/users\/1"}],"replies":[{"embeddable":true,"href":"https:\/\/vagas.portalemprego.com.br\/index.php?rest_route=%2Fwp%2Fv2%2Fcomments&post=4395"}],"version-history":[{"count":0,"href":"https:\/\/vagas.portalemprego.com.br\/index.php?rest_route=\/wp\/v2\/posts\/4395\/revisions"}],"wp:attachment":[{"href":"https:\/\/vagas.portalemprego.com.br\/index.php?rest_route=%2Fwp%2Fv2%2Fmedia&parent=4395"}],"wp:term":[{"taxonomy":"category","embeddable":true,"href":"https:\/\/vagas.portalemprego.com.br\/index.php?rest_route=%2Fwp%2Fv2%2Fcategories&post=4395"},{"taxonomy":"post_tag","embeddable":true,"href":"https:\/\/vagas.portalemprego.com.br\/index.php?rest_route=%2Fwp%2Fv2%2Ftags&post=4395"}],"curies":[{"name":"wp","href":"https:\/\/api.w.org\/{rel}","templated":true}]}}